{"id":997,"date":"2022-10-22T21:28:36","date_gmt":"2022-10-22T19:28:36","guid":{"rendered":"https:\/\/fundacjaws.up.krakow.pl\/?p=997"},"modified":"2022-11-18T20:02:13","modified_gmt":"2022-11-18T19:02:13","slug":"konkurs-mlodej-nowki-sztuki","status":"publish","type":"post","link":"https:\/\/fundacja.nowkasztuka.com\/index.php\/2022\/10\/22\/konkurs-mlodej-nowki-sztuki\/","title":{"rendered":"konkurs m\u0142odej N\u00f3wki Sztuki"},"content":{"rendered":"<p><img loading=\"lazy\" decoding=\"async\" class=\"alignnone wp-image-998\" src=\"https:\/\/fundacjaws.up.krakow.pl\/wp-content\/uploads\/2022\/10\/Nowka-Sztuka_Studencie-pokaz\u0307-sie\u0328__-300x157.png\" alt=\"\" width=\"426\" height=\"223\" srcset=\"https:\/\/fundacja.nowkasztuka.com\/wp-content\/uploads\/2022\/10\/Nowka-Sztuka_Studencie-pokaz\u0307-sie\u0328__-300x157.png 300w, https:\/\/fundacja.nowkasztuka.com\/wp-content\/uploads\/2022\/10\/Nowka-Sztuka_Studencie-pokaz\u0307-sie\u0328__-768x402.png 768w, https:\/\/fundacja.nowkasztuka.com\/wp-content\/uploads\/2022\/10\/Nowka-Sztuka_Studencie-pokaz\u0307-sie\u0328__-1024x536.png 1024w, https:\/\/fundacja.nowkasztuka.com\/wp-content\/uploads\/2022\/10\/Nowka-Sztuka_Studencie-pokaz\u0307-sie\u0328__-750x393.png 750w, https:\/\/fundacja.nowkasztuka.com\/wp-content\/uploads\/2022\/10\/Nowka-Sztuka_Studencie-pokaz\u0307-sie\u0328__.png 1920w\" sizes=\"(max-width: 426px) 100vw, 426px\" \/><\/p>\n<p><strong>Konkurs m\u0142odej N\u00f3wki Sztuki <\/strong>dla student\u00f3w kierunk\u00f3w artystycznych<strong>. <\/strong><\/p>\n<p>Celem Konkursu jest wy\u0142onienie student\u00f3w lub grup studenckich i\u00a0promocyjnego udzia\u0142u w\u00a0Targach artyst\u00f3w i\u00a0dizajner\u00f3w N\u00f3wka Sztuka 5.0<\/p>\n<p>-&gt; https:\/\/nowkasztuka.com\/konkurs-studencki\/<\/p>\n","protected":false},"excerpt":{"rendered":"<p>Konkurs m\u0142odej N\u00f3wki Sztuki dla student\u00f3w kierunk\u00f3w artystycznych. Celem Konkursu jest wy\u0142onienie student\u00f3w lub grup studenckich i\u00a0promocyjnego udzia\u0142u w\u00a0Targach artyst\u00f3w i\u00a0dizajner\u00f3w N\u00f3wka Sztuka 5.0 -&gt; https:\/\/nowkasztuka.com\/konkurs-studencki\/<\/p>\n","protected":false},"author":2,"featured_media":0,"comment_status":"closed","ping_status":"open","sticky":false,"template":"","format":"standard","meta":{"footnotes":""},"categories":[1],"tags":[],"_links":{"self":[{"href":"https:\/\/fundacja.nowkasztuka.com\/index.php\/wp-json\/wp\/v2\/posts\/997"}],"collection":[{"href":"https:\/\/fundacja.nowkasztuka.com\/index.php\/wp-json\/wp\/v2\/posts"}],"about":[{"href":"https:\/\/fundacja.nowkasztuka.com\/index.php\/wp-json\/wp\/v2\/types\/post"}],"author":[{"embeddable":true,"href":"https:\/\/fundacja.nowkasztuka.com\/index.php\/wp-json\/wp\/v2\/users\/2"}],"replies":[{"embeddable":true,"href":"https:\/\/fundacja.nowkasztuka.com\/index.php\/wp-json\/wp\/v2\/comments?post=997"}],"version-history":[{"count":1,"href":"https:\/\/fundacja.nowkasztuka.com\/index.php\/wp-json\/wp\/v2\/posts\/997\/revisions"}],"predecessor-version":[{"id":999,"href":"https:\/\/fundacja.nowkasztuka.com\/index.php\/wp-json\/wp\/v2\/posts\/997\/revisions\/999"}],"wp:attachment":[{"href":"https:\/\/fundacja.nowkasztuka.com\/index.php\/wp-json\/wp\/v2\/media?parent=997"}],"wp:term":[{"taxonomy":"category","embeddable":true,"href":"https:\/\/fundacja.nowkasztuka.com\/index.php\/wp-json\/wp\/v2\/categories?post=997"},{"taxonomy":"post_tag","embeddable":true,"href":"https:\/\/fundacja.nowkasztuka.com\/index.php\/wp-json\/wp\/v2\/tags?post=997"}],"curies":[{"name":"wp","href":"https:\/\/api.w.org\/{rel}","templated":true}]}}