{"id":994,"date":"2022-10-20T21:26:53","date_gmt":"2022-10-20T19:26:53","guid":{"rendered":"https:\/\/fundacjaws.up.krakow.pl\/?p=994"},"modified":"2022-11-18T20:01:54","modified_gmt":"2022-11-18T19:01:54","slug":"program-merytoryczny","status":"publish","type":"post","link":"https:\/\/fundacja.nowkasztuka.com\/index.php\/2022\/10\/20\/program-merytoryczny\/","title":{"rendered":"program merytoryczny"},"content":{"rendered":"<p><img loading=\"lazy\" decoding=\"async\" class=\"alignnone wp-image-995\" src=\"https:\/\/fundacjaws.up.krakow.pl\/wp-content\/uploads\/2022\/10\/Wydarzenia-Towarzysza\u0328ce-_Cover-wydarzenia-300x157.png\" alt=\"\" width=\"493\" height=\"258\" srcset=\"https:\/\/fundacja.nowkasztuka.com\/wp-content\/uploads\/2022\/10\/Wydarzenia-Towarzysza\u0328ce-_Cover-wydarzenia-300x157.png 300w, https:\/\/fundacja.nowkasztuka.com\/wp-content\/uploads\/2022\/10\/Wydarzenia-Towarzysza\u0328ce-_Cover-wydarzenia-768x402.png 768w, https:\/\/fundacja.nowkasztuka.com\/wp-content\/uploads\/2022\/10\/Wydarzenia-Towarzysza\u0328ce-_Cover-wydarzenia-1024x536.png 1024w, https:\/\/fundacja.nowkasztuka.com\/wp-content\/uploads\/2022\/10\/Wydarzenia-Towarzysza\u0328ce-_Cover-wydarzenia-750x393.png 750w, https:\/\/fundacja.nowkasztuka.com\/wp-content\/uploads\/2022\/10\/Wydarzenia-Towarzysza\u0328ce-_Cover-wydarzenia.png 1920w\" sizes=\"(max-width: 493px) 100vw, 493px\" \/><\/p>\n<p>Targi N\u00f3wka Sztuka to\u00a0po\u0142\u0105czenie cz\u0119\u015bci wystawienniczej z\u00a0programem edukacyjnym \u2013 wyk\u0142adami, panelami dyskusyjnymi, przegl\u0105dem portfolio i\u00a0konsultacjami z\u00a0cenionymi przedstawicielami \u015brodowiska tw\u00f3rczego, kt\u00f3re maj\u0105 na\u00a0celu wsparcie m\u0142odych artyst\u00f3w na\u00a0pocz\u0105tku ich kariery.<\/p>\n<p><strong>Program spotka\u0144: https:\/\/nowkasztuka.com\/program\/<\/strong><\/p>\n","protected":false},"excerpt":{"rendered":"<p>Targi N\u00f3wka Sztuka to\u00a0po\u0142\u0105czenie cz\u0119\u015bci wystawienniczej z\u00a0programem edukacyjnym \u2013 wyk\u0142adami, panelami dyskusyjnymi, przegl\u0105dem portfolio i\u00a0konsultacjami z\u00a0cenionymi przedstawicielami \u015brodowiska tw\u00f3rczego, kt\u00f3re maj\u0105 na\u00a0celu wsparcie m\u0142odych artyst\u00f3w na\u00a0pocz\u0105tku ich kariery. Program spotka\u0144: https:\/\/nowkasztuka.com\/program\/<\/p>\n","protected":false},"author":2,"featured_media":0,"comment_status":"closed","ping_status":"open","sticky":false,"template":"","format":"standard","meta":{"footnotes":""},"categories":[1],"tags":[],"_links":{"self":[{"href":"https:\/\/fundacja.nowkasztuka.com\/index.php\/wp-json\/wp\/v2\/posts\/994"}],"collection":[{"href":"https:\/\/fundacja.nowkasztuka.com\/index.php\/wp-json\/wp\/v2\/posts"}],"about":[{"href":"https:\/\/fundacja.nowkasztuka.com\/index.php\/wp-json\/wp\/v2\/types\/post"}],"author":[{"embeddable":true,"href":"https:\/\/fundacja.nowkasztuka.com\/index.php\/wp-json\/wp\/v2\/users\/2"}],"replies":[{"embeddable":true,"href":"https:\/\/fundacja.nowkasztuka.com\/index.php\/wp-json\/wp\/v2\/comments?post=994"}],"version-history":[{"count":1,"href":"https:\/\/fundacja.nowkasztuka.com\/index.php\/wp-json\/wp\/v2\/posts\/994\/revisions"}],"predecessor-version":[{"id":996,"href":"https:\/\/fundacja.nowkasztuka.com\/index.php\/wp-json\/wp\/v2\/posts\/994\/revisions\/996"}],"wp:attachment":[{"href":"https:\/\/fundacja.nowkasztuka.com\/index.php\/wp-json\/wp\/v2\/media?parent=994"}],"wp:term":[{"taxonomy":"category","embeddable":true,"href":"https:\/\/fundacja.nowkasztuka.com\/index.php\/wp-json\/wp\/v2\/categories?post=994"},{"taxonomy":"post_tag","embeddable":true,"href":"https:\/\/fundacja.nowkasztuka.com\/index.php\/wp-json\/wp\/v2\/tags?post=994"}],"curies":[{"name":"wp","href":"https:\/\/api.w.org\/{rel}","templated":true}]}}