{"id":987,"date":"2022-10-06T21:22:58","date_gmt":"2022-10-06T19:22:58","guid":{"rendered":"https:\/\/fundacjaws.up.krakow.pl\/?p=987"},"modified":"2022-11-18T20:00:53","modified_gmt":"2022-11-18T19:00:53","slug":"targi-artystow-i-dizajnerow-nowka-sztuka-5-0","status":"publish","type":"post","link":"https:\/\/fundacja.nowkasztuka.com\/index.php\/2022\/10\/06\/targi-artystow-i-dizajnerow-nowka-sztuka-5-0\/","title":{"rendered":"targi artyst\u00f3w i dizajner\u00f3w N\u00f3wka Sztuka 5.0"},"content":{"rendered":"<p><img loading=\"lazy\" decoding=\"async\" class=\"alignnone wp-image-988\" src=\"https:\/\/fundacjaws.up.krakow.pl\/wp-content\/uploads\/2022\/10\/Nowka-Sztuka_FB-cover-wydarzenie-300x157.png\" alt=\"\" width=\"481\" height=\"217\" \/><\/p>\n<p>W\u00a0weekend<strong> 12\u201313 listopada 2022 r. <\/strong>odb\u0119dzie si\u0119 pi\u0105ta edycja targ\u00f3w artyst\u00f3w i\u00a0dizajner\u00f3w \u2013 wydarzenia skierowanego do\u00a0tw\u00f3rc\u00f3w, koneser\u00f3w sztuki i\u00a0designu, mi\u0142o\u015bnik\u00f3w oryginalnych dzie\u0142 i\u00a0poszukiwaczy talent\u00f3w.<\/p>\n<p>Zapraszamy wszystkich zainteresowanych nawi\u0105zaniem wsp\u00f3\u0142pracy z\u00a0m\u0142odymi artystami i\u00a0projektantami grafiki, w\u00a0tym wydawc\u00f3w, architekt\u00f3w, przedstawicieli biznesu oraz\u00a0bran\u017c kreatywnych. Targi b\u0119d\u0105\u00a0okazj\u0105 do\u00a0spotkania autor\u00f3w, rozmowy z\u00a0nimi, zakupu niebanalnych i\u00a0wyselekcjonowanych przez\u00a0specjalist\u00f3w prac &#8211; bez\u00a0prowizji, prosto od\u00a0tw\u00f3rc\u00f3w.<\/p>\n<p><strong>Tegoroczna 5. edycja targ\u00f3w odb\u0119dzie si\u0119 w\u00a0weekend 12\u201313 listopada w\u00a0godzinach 11.00\u201318.00 stacjonarnie (Pa\u0142ac Ogi\u0144skich i\u00a0Potulickich w\u00a0Krakowie przy ul.\u00a0J\u00f3zefa Pi\u0142sudskiego 4) oraz\u00a0online na stronie <\/strong><a href=\"http:\/\/www.nowkasztuka.com\"><strong>www.nowkasztuka.com<\/strong><\/a><strong> do 30.11.2022 r.<\/strong><\/p>\n","protected":false},"excerpt":{"rendered":"<p>W\u00a0weekend 12\u201313 listopada 2022 r. odb\u0119dzie si\u0119 pi\u0105ta edycja targ\u00f3w artyst\u00f3w i\u00a0dizajner\u00f3w \u2013 wydarzenia skierowanego do\u00a0tw\u00f3rc\u00f3w, koneser\u00f3w sztuki i\u00a0designu, mi\u0142o\u015bnik\u00f3w oryginalnych dzie\u0142 i\u00a0poszukiwaczy talent\u00f3w. Zapraszamy wszystkich zainteresowanych nawi\u0105zaniem wsp\u00f3\u0142pracy z\u00a0m\u0142odymi artystami i\u00a0projektantami grafiki, w\u00a0tym wydawc\u00f3w, architekt\u00f3w, przedstawicieli biznesu oraz\u00a0bran\u017c kreatywnych. Targi b\u0119d\u0105\u00a0okazj\u0105 do\u00a0spotkania autor\u00f3w, rozmowy z\u00a0nimi, zakupu niebanalnych i\u00a0wyselekcjonowanych przez\u00a0specjalist\u00f3w prac &#8211; bez\u00a0prowizji, prosto od\u00a0tw\u00f3rc\u00f3w.&hellip;<a href=\"https:\/\/fundacja.nowkasztuka.com\/index.php\/2022\/10\/06\/targi-artystow-i-dizajnerow-nowka-sztuka-5-0\/\" class=\"more-link\">Continue reading <span class=\"screen-reader-text\">targi artyst\u00f3w i dizajner\u00f3w N\u00f3wka Sztuka 5.0<\/span><\/a><\/p>\n","protected":false},"author":2,"featured_media":0,"comment_status":"closed","ping_status":"open","sticky":false,"template":"","format":"standard","meta":{"footnotes":""},"categories":[1],"tags":[],"_links":{"self":[{"href":"https:\/\/fundacja.nowkasztuka.com\/index.php\/wp-json\/wp\/v2\/posts\/987"}],"collection":[{"href":"https:\/\/fundacja.nowkasztuka.com\/index.php\/wp-json\/wp\/v2\/posts"}],"about":[{"href":"https:\/\/fundacja.nowkasztuka.com\/index.php\/wp-json\/wp\/v2\/types\/post"}],"author":[{"embeddable":true,"href":"https:\/\/fundacja.nowkasztuka.com\/index.php\/wp-json\/wp\/v2\/users\/2"}],"replies":[{"embeddable":true,"href":"https:\/\/fundacja.nowkasztuka.com\/index.php\/wp-json\/wp\/v2\/comments?post=987"}],"version-history":[{"count":1,"href":"https:\/\/fundacja.nowkasztuka.com\/index.php\/wp-json\/wp\/v2\/posts\/987\/revisions"}],"predecessor-version":[{"id":989,"href":"https:\/\/fundacja.nowkasztuka.com\/index.php\/wp-json\/wp\/v2\/posts\/987\/revisions\/989"}],"wp:attachment":[{"href":"https:\/\/fundacja.nowkasztuka.com\/index.php\/wp-json\/wp\/v2\/media?parent=987"}],"wp:term":[{"taxonomy":"category","embeddable":true,"href":"https:\/\/fundacja.nowkasztuka.com\/index.php\/wp-json\/wp\/v2\/categories?post=987"},{"taxonomy":"post_tag","embeddable":true,"href":"https:\/\/fundacja.nowkasztuka.com\/index.php\/wp-json\/wp\/v2\/tags?post=987"}],"curies":[{"name":"wp","href":"https:\/\/api.w.org\/{rel}","templated":true}]}}