{"id":981,"date":"2022-06-28T10:16:26","date_gmt":"2022-06-28T08:16:26","guid":{"rendered":"https:\/\/fundacjaws.up.krakow.pl\/?p=981"},"modified":"2022-08-25T10:20:12","modified_gmt":"2022-08-25T08:20:12","slug":"program-konferencji-nowka-sztuka-mowi","status":"publish","type":"post","link":"https:\/\/fundacja.nowkasztuka.com\/index.php\/2022\/06\/28\/program-konferencji-nowka-sztuka-mowi\/","title":{"rendered":"program konferencji N\u00f3wka Sztuka M\u00f3wi"},"content":{"rendered":"<p><img loading=\"lazy\" decoding=\"async\" class=\"alignnone wp-image-978\" src=\"https:\/\/fundacjaws.up.krakow.pl\/wp-content\/uploads\/2022\/08\/early-bird2-300x300.png\" alt=\"\" width=\"548\" height=\"548\" srcset=\"https:\/\/fundacja.nowkasztuka.com\/wp-content\/uploads\/2022\/08\/early-bird2-300x300.png 300w, https:\/\/fundacja.nowkasztuka.com\/wp-content\/uploads\/2022\/08\/early-bird2-150x150.png 150w, https:\/\/fundacja.nowkasztuka.com\/wp-content\/uploads\/2022\/08\/early-bird2-768x768.png 768w, https:\/\/fundacja.nowkasztuka.com\/wp-content\/uploads\/2022\/08\/early-bird2-1024x1024.png 1024w, https:\/\/fundacja.nowkasztuka.com\/wp-content\/uploads\/2022\/08\/early-bird2-750x750.png 750w, https:\/\/fundacja.nowkasztuka.com\/wp-content\/uploads\/2022\/08\/early-bird2.png 1080w\" sizes=\"(max-width: 548px) 100vw, 548px\" \/><\/p>\n<blockquote class=\"wp-embedded-content\" data-secret=\"OZ6hss7PIV\"><p><a href=\"https:\/\/nowkasztuka.com\/program-nowka-mowi\/\">Program \u2014 N\u00f3wka M\u00f3wi<\/a><\/p><\/blockquote>\n<p><iframe title=\"&#8222;Program \u2014 N\u00f3wka M\u00f3wi&#8221; &#8212; N\u00f3wka Sztuka\" class=\"wp-embedded-content\" sandbox=\"allow-scripts\" security=\"restricted\" style=\"position: absolute; clip: rect(1px, 1px, 1px, 1px);\" src=\"https:\/\/nowkasztuka.com\/program-nowka-mowi\/embed\/#?secret=0qXaPiZmlc#?secret=OZ6hss7PIV\" data-secret=\"OZ6hss7PIV\" width=\"600\" height=\"338\" frameborder=\"0\" marginwidth=\"0\" marginheight=\"0\" scrolling=\"no\"><\/iframe><\/p>\n<p>realizacja wydarzenia pt. \u201eN\u00f3wka Sztuka M\u00f3wi\u201d w ramach zadania artystyczno-badawczego dofinansowanego przez program Uniwersytetu Pedagogicznego im. KEN w Krakowie pt. \u201eInicjatywa Doskona\u0142o\u015bci \u2013 Uczelnia Badawcza\u201d<\/p>\n","protected":false},"excerpt":{"rendered":"<p>Program \u2014 N\u00f3wka M\u00f3wi realizacja wydarzenia pt. \u201eN\u00f3wka Sztuka M\u00f3wi\u201d w ramach zadania artystyczno-badawczego dofinansowanego przez program Uniwersytetu Pedagogicznego im. KEN w Krakowie pt. \u201eInicjatywa Doskona\u0142o\u015bci \u2013 Uczelnia Badawcza\u201d<\/p>\n","protected":false},"author":2,"featured_media":978,"comment_status":"closed","ping_status":"open","sticky":false,"template":"","format":"standard","meta":{"footnotes":""},"categories":[1],"tags":[],"_links":{"self":[{"href":"https:\/\/fundacja.nowkasztuka.com\/index.php\/wp-json\/wp\/v2\/posts\/981"}],"collection":[{"href":"https:\/\/fundacja.nowkasztuka.com\/index.php\/wp-json\/wp\/v2\/posts"}],"about":[{"href":"https:\/\/fundacja.nowkasztuka.com\/index.php\/wp-json\/wp\/v2\/types\/post"}],"author":[{"embeddable":true,"href":"https:\/\/fundacja.nowkasztuka.com\/index.php\/wp-json\/wp\/v2\/users\/2"}],"replies":[{"embeddable":true,"href":"https:\/\/fundacja.nowkasztuka.com\/index.php\/wp-json\/wp\/v2\/comments?post=981"}],"version-history":[{"count":2,"href":"https:\/\/fundacja.nowkasztuka.com\/index.php\/wp-json\/wp\/v2\/posts\/981\/revisions"}],"predecessor-version":[{"id":985,"href":"https:\/\/fundacja.nowkasztuka.com\/index.php\/wp-json\/wp\/v2\/posts\/981\/revisions\/985"}],"wp:featuredmedia":[{"embeddable":true,"href":"https:\/\/fundacja.nowkasztuka.com\/index.php\/wp-json\/wp\/v2\/media\/978"}],"wp:attachment":[{"href":"https:\/\/fundacja.nowkasztuka.com\/index.php\/wp-json\/wp\/v2\/media?parent=981"}],"wp:term":[{"taxonomy":"category","embeddable":true,"href":"https:\/\/fundacja.nowkasztuka.com\/index.php\/wp-json\/wp\/v2\/categories?post=981"},{"taxonomy":"post_tag","embeddable":true,"href":"https:\/\/fundacja.nowkasztuka.com\/index.php\/wp-json\/wp\/v2\/tags?post=981"}],"curies":[{"name":"wp","href":"https:\/\/api.w.org\/{rel}","templated":true}]}}