{"id":977,"date":"2022-06-25T10:13:29","date_gmt":"2022-06-25T08:13:29","guid":{"rendered":"https:\/\/fundacjaws.up.krakow.pl\/?p=977"},"modified":"2022-08-25T10:18:24","modified_gmt":"2022-08-25T08:18:24","slug":"prelegenci-nowka-sztuka-mowi","status":"publish","type":"post","link":"https:\/\/fundacja.nowkasztuka.com\/index.php\/2022\/06\/25\/prelegenci-nowka-sztuka-mowi\/","title":{"rendered":"prelegenci N\u00f3wka Sztuka M\u00f3wi"},"content":{"rendered":"<blockquote class=\"wp-embedded-content\" data-secret=\"sdNOiGiAaK\"><p><a href=\"https:\/\/nowkasztuka.com\/prelegenci\/\">Prelegenci<\/a><\/p><\/blockquote>\n<p><iframe title=\"&#8222;Prelegenci&#8221; &#8212; N\u00f3wka Sztuka\" class=\"wp-embedded-content\" sandbox=\"allow-scripts\" security=\"restricted\" style=\"position: absolute; clip: rect(1px, 1px, 1px, 1px);\" src=\"https:\/\/nowkasztuka.com\/prelegenci\/embed\/#?secret=DZMGglwfbs#?secret=sdNOiGiAaK\" data-secret=\"sdNOiGiAaK\" width=\"600\" height=\"338\" frameborder=\"0\" marginwidth=\"0\" marginheight=\"0\" scrolling=\"no\"><\/iframe><\/p>\n<p>Prelegenci to eksperci i aktywni uczestnicy rynku sztuki, kuratorzy i doradcy kszta\u0142tuj\u0105cy i promuj\u0105cy wsp\u00f3\u0142czesne trendy w handlu sztuk\u0105. Swym know-how podziel\u0105 si\u0119 te\u017c nagradzani arty\u015bci i promotorzy odnosz\u0105cych sukces marek designerskich, organizatorzy rezydencji, targ\u00f3w, biennale sztuki oraz osoby prowadz\u0105ce galerie i organizuj\u0105ce wystawy w Polsce i za granic\u0105:<\/p>\n<p>Karolina Miszczak<\/p>\n<p>Sylwia Kraso\u0144<\/p>\n<p>Aleksandra K\u0119dziorek<\/p>\n<p>Piotr Wisniewski<\/p>\n<p>\u0141ukasz Grabek<\/p>\n<p>Kaja Werbanowska<\/p>\n<p>Feliks Tuszko<\/p>\n<p>Kasia W\u0105s<\/p>\n<p>Beata Niemczuk<\/p>\n<p>Zuzanna Zakarjan<\/p>\n<p>Rhona Kopaczky<\/p>\n<p>Zofia Strumillo-Sukiennik<\/p>\n<p>Justyna Fa\u0142dzi\u0144ska<\/p>\n<p>Maria Ostrowska<\/p>\n<p>Anna Theiss<\/p>\n<p>Piotr Szarzy\u0144ski<\/p>\n<p>Lucia Kvo\u010d\u00e1kov\u00e1<\/p>\n<p>Dominika Kluszczyk<\/p>\n<p>Susana Ballesteros<\/p>\n","protected":false},"excerpt":{"rendered":"<p>Prelegenci Prelegenci to eksperci i aktywni uczestnicy rynku sztuki, kuratorzy i doradcy kszta\u0142tuj\u0105cy i promuj\u0105cy wsp\u00f3\u0142czesne trendy w handlu sztuk\u0105. Swym know-how podziel\u0105 si\u0119 te\u017c nagradzani arty\u015bci i promotorzy odnosz\u0105cych sukces marek designerskich, organizatorzy rezydencji, targ\u00f3w, biennale sztuki oraz osoby prowadz\u0105ce galerie i organizuj\u0105ce wystawy w Polsce i za granic\u0105: Karolina Miszczak Sylwia Kraso\u0144 Aleksandra&hellip;<a href=\"https:\/\/fundacja.nowkasztuka.com\/index.php\/2022\/06\/25\/prelegenci-nowka-sztuka-mowi\/\" class=\"more-link\">Continue reading <span class=\"screen-reader-text\">prelegenci N\u00f3wka Sztuka M\u00f3wi<\/span><\/a><\/p>\n","protected":false},"author":2,"featured_media":956,"comment_status":"closed","ping_status":"open","sticky":false,"template":"","format":"standard","meta":{"footnotes":""},"categories":[1],"tags":[],"_links":{"self":[{"href":"https:\/\/fundacja.nowkasztuka.com\/index.php\/wp-json\/wp\/v2\/posts\/977"}],"collection":[{"href":"https:\/\/fundacja.nowkasztuka.com\/index.php\/wp-json\/wp\/v2\/posts"}],"about":[{"href":"https:\/\/fundacja.nowkasztuka.com\/index.php\/wp-json\/wp\/v2\/types\/post"}],"author":[{"embeddable":true,"href":"https:\/\/fundacja.nowkasztuka.com\/index.php\/wp-json\/wp\/v2\/users\/2"}],"replies":[{"embeddable":true,"href":"https:\/\/fundacja.nowkasztuka.com\/index.php\/wp-json\/wp\/v2\/comments?post=977"}],"version-history":[{"count":2,"href":"https:\/\/fundacja.nowkasztuka.com\/index.php\/wp-json\/wp\/v2\/posts\/977\/revisions"}],"predecessor-version":[{"id":980,"href":"https:\/\/fundacja.nowkasztuka.com\/index.php\/wp-json\/wp\/v2\/posts\/977\/revisions\/980"}],"wp:featuredmedia":[{"embeddable":true,"href":"https:\/\/fundacja.nowkasztuka.com\/index.php\/wp-json\/wp\/v2\/media\/956"}],"wp:attachment":[{"href":"https:\/\/fundacja.nowkasztuka.com\/index.php\/wp-json\/wp\/v2\/media?parent=977"}],"wp:term":[{"taxonomy":"category","embeddable":true,"href":"https:\/\/fundacja.nowkasztuka.com\/index.php\/wp-json\/wp\/v2\/categories?post=977"},{"taxonomy":"post_tag","embeddable":true,"href":"https:\/\/fundacja.nowkasztuka.com\/index.php\/wp-json\/wp\/v2\/tags?post=977"}],"curies":[{"name":"wp","href":"https:\/\/api.w.org\/{rel}","templated":true}]}}