{"id":974,"date":"2022-06-25T10:10:59","date_gmt":"2022-06-25T08:10:59","guid":{"rendered":"https:\/\/fundacjaws.up.krakow.pl\/?p=974"},"modified":"2022-08-25T10:20:36","modified_gmt":"2022-08-25T08:20:36","slug":"nowka-sztuka-mowi-2022","status":"publish","type":"post","link":"https:\/\/fundacja.nowkasztuka.com\/index.php\/2022\/06\/25\/nowka-sztuka-mowi-2022\/","title":{"rendered":"N\u00f3wka Sztuka M\u00f3wi 2022"},"content":{"rendered":"<p><img loading=\"lazy\" decoding=\"async\" class=\"alignnone wp-image-957\" src=\"https:\/\/fundacjaws.up.krakow.pl\/wp-content\/uploads\/2022\/08\/Nowka-Sztuka-300x300.png\" alt=\"\" width=\"434\" height=\"434\" srcset=\"https:\/\/fundacja.nowkasztuka.com\/wp-content\/uploads\/2022\/08\/Nowka-Sztuka-300x300.png 300w, https:\/\/fundacja.nowkasztuka.com\/wp-content\/uploads\/2022\/08\/Nowka-Sztuka-150x150.png 150w, https:\/\/fundacja.nowkasztuka.com\/wp-content\/uploads\/2022\/08\/Nowka-Sztuka-768x768.png 768w, https:\/\/fundacja.nowkasztuka.com\/wp-content\/uploads\/2022\/08\/Nowka-Sztuka-1024x1024.png 1024w, https:\/\/fundacja.nowkasztuka.com\/wp-content\/uploads\/2022\/08\/Nowka-Sztuka-750x750.png 750w, https:\/\/fundacja.nowkasztuka.com\/wp-content\/uploads\/2022\/08\/Nowka-Sztuka.png 1080w\" sizes=\"(max-width: 434px) 100vw, 434px\" \/><\/p>\n<p>Seminaria, debaty i warsztaty<\/p>\n<p>25-26 czerwca 2022 r.<\/p>\n<p>Instytut Sztuki i Designu przy ul. Podbrzezie 3 w Krakowie.<\/p>\n<p>\u201eN\u00f3wka Sztuka M\u00f3wi\u201d &#8211; seminaria, debaty i warsztaty po\u015bwi\u0119cone dost\u0119powi do sztuki i udzia\u0142owi w rynku artystycznym, zaadresowane nie tylko do hermetycznego kr\u0119gu tw\u00f3rc\u00f3w, ale r\u00f3wnie\u017c do przedstawicieli bran\u017c kreatywnych, potencjalnych przedsi\u0119biorc\u00f3w, kolekcjoner\u00f3w oraz zwyk\u0142ych zjadaczy chleba, szukaj\u0105cych odskoczni od sztampowej codzienno\u015bci.<\/p>\n<p>Wszystkie spotkania odbywa\u0142y si\u0119 tak\u017ce w przestrzeni wirtualnej \u2013 w trybie online \u2013 jak te\u017c w realnej przestrzeni wystawienniczej, umo\u017cliwiaj\u0105c zainteresowanym uczestnikom wyb\u00f3r najdogodniejszej dla siebie formy udzia\u0142u.<\/p>\n<p>&nbsp;<\/p>\n<p>N\u00f3wka Sztuka M\u00f3wi to:<\/p>\n<p>-debaty, seminaria i warsztaty ukierunkowane by\u0142y na szeroko rozumian\u0105 edukacj\u0119 artystyczn\u0105 spo\u0142ecze\u0144stwa<\/p>\n<p>&#8211; wzbudzenie zainteresowania uczestnictwem w \u017cyciu kulturalnym i artystycznym;<\/p>\n<p>&#8211; umo\u017cliwione zosta\u0142y kontakty mi\u0119dzy przedstawicielami wszystkich bran\u017cy kreatywnych z potencjalnymi odbiorcami przy jednoczesnym kultywowaniu \u015bwiadomo\u015bci w obszarze potencja\u0142u, potrzeb i specyfiki sektor\u00f3w kreatywnych;<\/p>\n<p>&#8211; popularyzacj\u0119 wiedzy dotycz\u0105cej obszaru bran\u017c kreatywnych;<\/p>\n<p>&#8211; w\u0142\u0105czenie \u015brodowisk artystycznych miasta Krakowa do wsp\u00f3\u0142pracy na rzecz promocji sztuki i designu oraz sposob\u00f3w maj\u0105cych na celu u\u0142atwienie absolwentom kierunk\u00f3w artystycznych wej\u015bcie na \u015bcie\u017ck\u0119 kariery;<\/p>\n<p>&#8211; poszerzenie dzia\u0142alno\u015bci oraz wsparcie eksperckie dla kadry zarz\u0105dzaj\u0105cej na rzecz sta\u0142ego doskonalenia i podnoszenia poziomu kompetencji;<\/p>\n<p>&#8211; integracja \u015brodowiska zwi\u0105zanego z designem oraz projektowaniem;<\/p>\n<p>&#8211; pomoc w nawi\u0105zywaniu i prowadzeniu wsp\u00f3\u0142pracy mi\u0119dzy sektorem prywatnym (przedsi\u0119biorstwa), \u015brodowiskiem akademickim (uczelnie) oraz sektorem rz\u0105dowym (miasto) i pozarz\u0105dowym (organizacje i instytucje kultury);<\/p>\n<p>&#8211; promocja rozwoju gospodarczego \u2013 \u201emonetyzacja\u201d sztuki i designu, rozw\u00f3j r\u00f3\u017cnorodnych bran\u017c przemys\u0142u kreatywnego;<\/p>\n<p>&#8211; promocja samozatrudnienia i stymulacja postaw przedsi\u0119biorczych;<\/p>\n<p>&#8211; coaching \u2013 praca z artystami obszarze pomi\u0119dzy psychologi\u0105 a project managementem zorientowana na przysz\u0142o\u015b\u0107 oraz realizacj\u0119 cel\u00f3w;<\/p>\n<p>&#8211; programy mentoringowe;<\/p>\n<p>&#8211; promocja dzia\u0142a\u0144 ukierunkowanych na nawi\u0105zywanie wsp\u00f3\u0142pracy mi\u0119dzy do\u015bwiadczonymi tw\u00f3rcami, a m\u0142odymi artystami stoj\u0105cymi na progu kariery tw\u00f3rczej i zawodowej;<\/p>\n<p>&#8211; inicjatywy wspieraj\u0105ce proces profesjonalizacji.<\/p>\n<p>&nbsp;<\/p>\n<p>Realizacja wydarzenia pt. \u201eN\u00f3wka Sztuka M\u00f3wi\u201d w ramach zadania artystyczno-badawczego dofinansowanego przez program Uniwersytetu Pedagogicznego im. KEN w Krakowie pt. \u201eInicjatywa Doskona\u0142o\u015bci \u2013 Uczelnia Badawcza\u201d<\/p>\n","protected":false},"excerpt":{"rendered":"<p>Seminaria, debaty i warsztaty 25-26 czerwca 2022 r. Instytut Sztuki i Designu przy ul. Podbrzezie 3 w Krakowie. \u201eN\u00f3wka Sztuka M\u00f3wi\u201d &#8211; seminaria, debaty i warsztaty po\u015bwi\u0119cone dost\u0119powi do sztuki i udzia\u0142owi w rynku artystycznym, zaadresowane nie tylko do hermetycznego kr\u0119gu tw\u00f3rc\u00f3w, ale r\u00f3wnie\u017c do przedstawicieli bran\u017c kreatywnych, potencjalnych przedsi\u0119biorc\u00f3w, kolekcjoner\u00f3w oraz zwyk\u0142ych zjadaczy chleba,&hellip;<a href=\"https:\/\/fundacja.nowkasztuka.com\/index.php\/2022\/06\/25\/nowka-sztuka-mowi-2022\/\" class=\"more-link\">Continue reading <span class=\"screen-reader-text\">N\u00f3wka Sztuka M\u00f3wi 2022<\/span><\/a><\/p>\n","protected":false},"author":2,"featured_media":957,"comment_status":"closed","ping_status":"open","sticky":false,"template":"","format":"standard","meta":{"footnotes":""},"categories":[1],"tags":[],"_links":{"self":[{"href":"https:\/\/fundacja.nowkasztuka.com\/index.php\/wp-json\/wp\/v2\/posts\/974"}],"collection":[{"href":"https:\/\/fundacja.nowkasztuka.com\/index.php\/wp-json\/wp\/v2\/posts"}],"about":[{"href":"https:\/\/fundacja.nowkasztuka.com\/index.php\/wp-json\/wp\/v2\/types\/post"}],"author":[{"embeddable":true,"href":"https:\/\/fundacja.nowkasztuka.com\/index.php\/wp-json\/wp\/v2\/users\/2"}],"replies":[{"embeddable":true,"href":"https:\/\/fundacja.nowkasztuka.com\/index.php\/wp-json\/wp\/v2\/comments?post=974"}],"version-history":[{"count":3,"href":"https:\/\/fundacja.nowkasztuka.com\/index.php\/wp-json\/wp\/v2\/posts\/974\/revisions"}],"predecessor-version":[{"id":986,"href":"https:\/\/fundacja.nowkasztuka.com\/index.php\/wp-json\/wp\/v2\/posts\/974\/revisions\/986"}],"wp:featuredmedia":[{"embeddable":true,"href":"https:\/\/fundacja.nowkasztuka.com\/index.php\/wp-json\/wp\/v2\/media\/957"}],"wp:attachment":[{"href":"https:\/\/fundacja.nowkasztuka.com\/index.php\/wp-json\/wp\/v2\/media?parent=974"}],"wp:term":[{"taxonomy":"category","embeddable":true,"href":"https:\/\/fundacja.nowkasztuka.com\/index.php\/wp-json\/wp\/v2\/categories?post=974"},{"taxonomy":"post_tag","embeddable":true,"href":"https:\/\/fundacja.nowkasztuka.com\/index.php\/wp-json\/wp\/v2\/tags?post=974"}],"curies":[{"name":"wp","href":"https:\/\/api.w.org\/{rel}","templated":true}]}}