{"id":936,"date":"2021-11-22T10:30:51","date_gmt":"2021-11-22T09:30:51","guid":{"rendered":"https:\/\/fundacjaws.up.krakow.pl\/?p=936"},"modified":"2021-11-22T10:32:09","modified_gmt":"2021-11-22T09:32:09","slug":"program-wydarzen-towarzyszacych","status":"publish","type":"post","link":"https:\/\/fundacja.nowkasztuka.com\/index.php\/2021\/11\/22\/program-wydarzen-towarzyszacych\/","title":{"rendered":"program wydarze\u0144 towarzysz\u0105cych"},"content":{"rendered":"<p><strong>PROGRAM WYDARZE\u0143 TOWARZYSZ\u0104CYCH <\/strong><\/p>\n<p><strong>13 LISTOPADA 2021<\/strong><\/p>\n<p>&nbsp;<\/p>\n<p>11.00<\/p>\n<p>Karolina Wojciechowska &#8211; <em>Prawo autorskie w \u015bwiecie sztuki. Praktyczne aspekty zwi\u0105zane z inwestowaniem w sztuk\u0119 \u2013 <\/em>wyk\u0142ad, sala 100<\/p>\n<p>Wyk\u0142ad stanowi wprowadzenie do najwa\u017cniejszych dla artyst\u00f3w i kolekcjoner\u00f3w aspekt\u00f3w prawnych.<\/p>\n<p>Przyjd\u017a i przekonaj si\u0119 co musz\u0105 wiedzie\u0107 arty\u015bci, \u017ceby zadba\u0107 o swoje prace? Co jest dozwolone, a co niedozwolone przy korzystaniu z tw\u00f3rczo\u015bci innych artyst\u00f3w? Jak unikn\u0105\u0107 pos\u0105dzenia o plagiat? Jak zabezpieczy\u0107 si\u0119 przed kupnem falsyfikatu? Co kupujesz nabywaj\u0105c dzie\u0142o sztuki? Czy kto\u015b mo\u017ce bezkarnie kopiowa\u0107 obraz kt\u00f3ry posiadasz?<\/p>\n<p>Karolina Wojciechowska<\/p>\n<p>Radca prawny. Absolwentka Wydzia\u0142u Prawa i Administracji w Warszawie w 2007 r. Wpisana na list\u0119 radc\u00f3w prawnych przy Okr\u0119gowej Izbie Radc\u00f3w Prawnych w Warszawie w 2014 r. Specjalizuje si\u0119 w prawie autorskim \u2013 od dziewi\u0119ciu lat prowadzi wyk\u0142ady na ten temat w Warszawskiej Szkole Fotografii i Grafiki Projektowej oraz w instytucjach kultury. Prowadzi Fundacj\u0119 im. Ryszarda Kapu\u015bci\u0144skiego \u2013 Herodot. Ma w\u0142asne wydawnictwo artystyczne Blue Bird. Prowadzi\u0142a galeri\u0119 z fotografi\u0105 artystyczn\u0105 Green Gallery. Jest kuratorem archiwum fotograficznego jednego najwybitniejszych polskich reporter\u00f3w \u2013 Ryszarda Kapu\u015bci\u0144skiego. Zorganizowa\u0142a wiele wystaw artystycznych w Polsce i za granic\u0105. Prowadzi\u0142a wyk\u0142ady m.in. w Centrum Sztuki Wsp\u00f3\u0142czesnej Zamek Ujazdowski i na Warszawskiej ASP.<\/p>\n<p>&nbsp;<\/p>\n<p>12.00<\/p>\n<p>Kamila Rola-Rebandel, Instytut Adama Mickiewicza, Kreatywna Europa Desk Poland \u2013 europejskie wsparcie dla sektora kultury i kreatywnego &#8211; wyk\u0142ad, Aula<\/p>\n<p>Kreatywna Europa to program Unii Europejskiej oferuj\u0105cy finansowe wsparcie dla sektor\u00f3w kultury, audiowizualnego i kreatywnych. W ramach edycji 2021-2027 program przeznaczy\u0142 2,4 mld euro na dofinansowanie realizacji projekt\u00f3w w obszarze kultury i sztuki. Dowiedz si\u0119 jak mo\u017cesz skorzysta\u0107 z dofinansowania, jako artysta, menad\u017cer kultury, instytucja artystyczna.<\/p>\n<p><img loading=\"lazy\" decoding=\"async\" class=\"alignnone size-medium wp-image-939\" src=\"https:\/\/fundacjaws.up.krakow.pl\/wp-content\/uploads\/2021\/11\/Zaproszenie_Nowka-Sztuka_Storytelling-300x238.png\" alt=\"\" width=\"300\" height=\"238\" srcset=\"https:\/\/fundacja.nowkasztuka.com\/wp-content\/uploads\/2021\/11\/Zaproszenie_Nowka-Sztuka_Storytelling-300x238.png 300w, https:\/\/fundacja.nowkasztuka.com\/wp-content\/uploads\/2021\/11\/Zaproszenie_Nowka-Sztuka_Storytelling-768x608.png 768w, https:\/\/fundacja.nowkasztuka.com\/wp-content\/uploads\/2021\/11\/Zaproszenie_Nowka-Sztuka_Storytelling-1024x811.png 1024w, https:\/\/fundacja.nowkasztuka.com\/wp-content\/uploads\/2021\/11\/Zaproszenie_Nowka-Sztuka_Storytelling-750x594.png 750w, https:\/\/fundacja.nowkasztuka.com\/wp-content\/uploads\/2021\/11\/Zaproszenie_Nowka-Sztuka_Storytelling.png 1200w\" sizes=\"(max-width: 300px) 100vw, 300px\" \/><\/p>\n<p>12.00<\/p>\n<p>Joanna Nowarska, Fundacja Spacer, <em>Storytelling w budowaniu relacji<\/em> \u2013 Warsztat, sala 100<\/p>\n<p>Storytelling to nic innego jak sztuka opowie\u015bci. Poprzez historie poznajemy \u015bwiat, a \u015bwiat poznaje nas. Opowie\u015bci maj\u0105 moc \u0142\u0105czenia ludzi &#8211; o tym w\u0142a\u015bnie jest ten warsztat.<\/p>\n<p>Zobaczysz, jak mo\u017cna wykorzysta\u0107 si\u0142\u0119 opowiadania historii do budowania relacji mi\u0119dzy lud\u017ami z r\u00f3\u017cnych kultur, \u015brodowisk spo\u0142ecznych i do\u015bwiadcze\u0144 zawodowych. Przy okazji nauczysz si\u0119 w jaki spos\u00f3b mo\u017cesz wykorzysta\u0107 r\u00f3\u017cne narz\u0119dzia do wsp\u00f3\u0142pracy i komunikacji online.<\/p>\n<p>Warsztaty poprowadzi Joanna Nowarska, wsp\u00f3\u0142za\u0142o\u017cycielka Fundacji Spacer* i Kiosku, strate\u017cka marki, badaczka i porz\u0105dny cz\u0142owiek.<\/p>\n<p>*Fundacja Spacer to projekt eksperymentalny. Zosta\u0142a powo\u0142ana, aby umo\u017cliwi\u0107 wymian\u0119 do\u015bwiadcze\u0144 mi\u0119dzy tw\u00f3rcami a krakowsk\u0105 publiczno\u015bci\u0105. Poprzez dzia\u0142ania Fundacji chcemy otworzy\u0107 drzwi do \u015bwiata kreatywno\u015bci. Wyobra\u017camy sobie, \u017ce taka otwarto\u015b\u0107 mo\u017ce pom\u00f3c tw\u00f3rcom i widzom dowiedzie\u0107 si\u0119 wi\u0119cej o sobie i nawi\u0105za\u0107 dialog.<\/p>\n<p>Liczba miejsc ograniczona: 15<\/p>\n<p><u>Zapisy obowi\u0105zkowe na adres: alicja.gluszek@gmail.com<\/u><\/p>\n<p>Kiosk &amp; Fundacja Spacer<\/p>\n<p>Kiosk to cz\u0119\u015b\u0107 Fundacji Spacer, kt\u00f3ra jest naszym eksperymentalnym projektem.<\/p>\n<p>Za\u0142o\u017cyli\u015bmy j\u0105 po to, aby umo\u017cliwi\u0107 wymian\u0119 do\u015bwiadcze\u0144 mi\u0119dzy tw\u00f3rczyniami i tw\u00f3rcami a krakowsk\u0105 publiczno\u015bci\u0105. Celem Fundacji Spacer jest tak\u017ce opowiadanie historii ludzi, kt\u00f3rzy nam zaufaj\u0105 i poka\u017c\u0105 swoje prace w Kiosku. Dzi\u0119ki naszym dzia\u0142aniom mamy nadziej\u0119 uchyli\u0107 drzwi do \u015bwiata tw\u00f3rczo\u015bci: tej profesjonalnej i tej tworzonej dla przyjemno\u015bci. Wyobra\u017camy sobie, \u017ce takie otwarcie mo\u017ce pom\u00f3c tw\u00f3rczyniom, tw\u00f3rcom i publiczno\u015bci dowiedzie\u0107 si\u0119 wi\u0119cej o sobie nawzajem i nawi\u0105za\u0107 dialog.<\/p>\n<p>Historia pomys\u0142u si\u0119ga po\u0142owy roku 2020. Wtedy w\u0142a\u015bnie wsp\u00f3lne spacery po Krakowie pomog\u0142y nam rozpocz\u0105\u0107 kreatywn\u0105 kooperacj\u0119. Zaczynali\u015bmy od jednej, podstawowej, \u0142\u0105cz\u0105cej nas idei: chcieli\u015bmy podzieli\u0107 si\u0119 swoimi umiej\u0119tno\u015bciami i do\u015bwiadczeniem. Od s\u0142owa do s\u0142owa, krok po kroku, nasz pomys\u0142 nabiera\u0142 kszta\u0142tu. W ko\u0144cu doszli\u015bmy do miejsca, w kt\u00f3rym mogli\u015bmy przekszta\u0142ci\u0107 wsp\u00f3lne intuicje w rzeczywisto\u015b\u0107. W ten spos\u00f3b powsta\u0142a Fundacja Spacer, na przeci\u0119ciu szlak\u00f3w pieszych wycieczek, w kiosku przy Rynku Podg\u00f3rskim 8. To nasz eksperyment, wi\u0119c chcemy i b\u0119dziemy go testowa\u0107. Dlatego w grudniu wr\u00f3cimy do Was i opowiemy, czego nowego dowiedzieli\u015bmy si\u0119 dzi\u0119ki Wam, po drodze.<\/p>\n<p>&nbsp;<\/p>\n<p>13.00<\/p>\n<p>Karolina Wojciechowska, <em>Tw\u00f3rczo\u015b\u0107 a prawo autorskie. Umowy prawno-autorskie w dzia\u0142alno\u015bci artyst\u00f3w<\/em>, warsztat, sala 100<\/p>\n<p>Wyk\u0142ad stanowi wprowadzenie do najwa\u017cniejszych dla artyst\u00f3w i kolekcjoner\u00f3w aspekt\u00f3w prawnych.<\/p>\n<p>Przyjd\u017a i przekonaj si\u0119 co musz\u0105 wiedzie\u0107 arty\u015bci, \u017ceby zadba\u0107 o swoje prace? Co jest dozwolone, a co niedozwolone przy korzystaniu z tw\u00f3rczo\u015bci innych artyst\u00f3w? Jak unikn\u0105\u0107 pos\u0105dzenia o plagiat? Jak zabezpieczy\u0107 si\u0119 przed kupnem falsyfikatu? Co kupujesz nabywaj\u0105c dzie\u0142o sztuki? Czy kto\u015b mo\u017ce bezkarnie kopiowa\u0107 obraz kt\u00f3ry posiadasz?<\/p>\n<p>Karolina Wojciechowska<\/p>\n<p>Radca prawny. Absolwentka Wydzia\u0142u Prawa i Administracji w Warszawie w 2007 r. Wpisana na list\u0119 radc\u00f3w prawnych przy Okr\u0119gowej Izbie Radc\u00f3w Prawnych w Warszawie w 2014 r. Specjalizuje si\u0119 w prawie autorskim \u2013 od dziewi\u0119ciu lat prowadzi wyk\u0142ady na ten temat w Warszawskiej Szkole Fotografii i Grafiki Projektowej oraz w instytucjach kultury. Prowadzi Fundacj\u0119 im. Ryszarda Kapu\u015bci\u0144skiego \u2013 Herodot. Ma w\u0142asne wydawnictwo artystyczne Blue Bird. Prowadzi\u0142a galeri\u0119 z fotografi\u0105 artystyczn\u0105 Green Gallery. Jest kuratorem archiwum fotograficznego jednego najwybitniejszych polskich reporter\u00f3w \u2013 Ryszarda Kapu\u015bci\u0144skiego. Zorganizowa\u0142a wiele wystaw artystycznych w Polsce i za granic\u0105. Prowadzi\u0142a wyk\u0142ady m.in. w Centrum Sztuki Wsp\u00f3\u0142czesnej Zamek Ujazdowski i na Warszawskiej ASP.<\/p>\n<p>&nbsp;<\/p>\n<p>14.00<\/p>\n<p>Spotkanie z Gosi\u0105 Kuciewicz z Centrali oraz Magdalen\u0105 Kobus z Dawid Radziszewski Gallery, <em>Sukces za granic\u0105, co oznacza, jak go osi\u0105gn\u0105\u0107 i jak go utrzyma\u0107?<\/em> Rozmow\u0119 prowadzi Alicja G\u0142uszek, Aula<\/p>\n<p>Rozmowa o mi\u0119dzynarodowych projektach artystycznych i promocji sztuki polskiej za granic\u0105. Wsp\u00f3lnie z zaproszonymi ekspertkami postaramy si\u0119 odpowiedzie\u0107 na pytania jak odnale\u017a\u0107 si\u0119 i odnie\u015b\u0107 sukces w globalnym \u015bwiecie sztuki.<\/p>\n<p>CENTRALA w tym roku prezentowa\u0142a projekt Clothed Home, z pracami Alicji Bielawskiej, kuratorowany przez Aleksandr\u0119 K\u0119dziorek na London Design Biennale. Kolejna instalacja \u201cMies\u2019s waterlilies\u201d pojawi si\u0119 na wiosn\u0119 w 2022 roku w Mies van der Rohe Pavillon na International Biennial of Landscape Architecture.<\/p>\n<p>Dawid Radziszewski Gallery jako jedyna z Polski by\u0142a obecna na tegorocznym ArtBasel i paryskim FIAC (Foire internationale d&#8217;art contemporain). Prezentowani arty\u015bci zostali docenieni przez mi\u0119dzynarodowe media bran\u017cowe.<\/p>\n<p>Grupa projektowa CENTRALA zosta\u0142a za\u0142o\u017cona w 2001 roku przez Krzysztofa Banaszewskiego, Ma\u0142gorzat\u0119 Kuciewicz, Jana Strumi\u0142\u0142\u0119 i Jakuba Szcz\u0119snego. Jej sk\u0142ad zmienia\u0142 si\u0119 na przestrzeni lat; dzi\u015b jej cz\u0142onkami s\u0105 Ma\u0142gorzata Kuciewicz i Simone De Iacobis, kt\u00f3rzy ch\u0119tnie wsp\u00f3\u0142pracuj\u0105 z architektami, projektantami, artystami i ekspertami z wielu dziedzin nauki. Tw\u00f3rcy CENTRALI s\u0105 przekonani, \u017ce projektowanie to \u201eproces tw\u00f3rczy, kt\u00f3ry nie mo\u017ce by\u0107 realizowany w oderwaniu od wsp\u00f3\u0142czesnej my\u015bli filozoficznej i innych dziedzin sztuki\u201d, dlatego ich projekty \u0142\u0105cz\u0105 wiele dyscyplin i wykraczaj\u0105 poza to, co powszechnie rozumiane jako architektura czy urbanistyka, planowanie.<\/p>\n<p>Galeria Dawid Radziszewski powsta\u0142a w 2013 roku. Jej program ewoluuje mi\u0119dzy innymi wok\u00f3\u0142 pokolenia artyst\u00f3w urodzonych w po\u0142owie lat 80. (Tomasz Kowalski, Joanna Piotrowska, Katarzyna Przezwa\u0144ska), skupiaj\u0105c si\u0119 r\u00f3wnie\u017c na wschodz\u0105cych postaciach mi\u0119dzynarodowych, takich jak Louisa Gagliardi czy Serban. Savu i rozwija si\u0119 na nowo odkrywaj\u0105c wybrane zjawiska z peryferii polskiej sztuki lat 60. i 70., ruchu new age i sceny hippisowskiej.<\/p>\n<p>&nbsp;<\/p>\n<p>15.00<\/p>\n<p><em>Projektant zawodowiec: od pomys\u0142u do marki. <\/em><br \/>\nRozmowa z Micha\u0142em Dro\u017cd\u017cem (Ceramika Parady\u017c).<br \/>\nProwadzi dr Alicja G\u0142uszek<\/p>\n<p>Rozmowa z przedstawicielami biznesu o tym jak zrealizowa\u0107 swoje projekty. Na czym polega proces wdro\u017cenia nowego produktu, od koncepcji po wprowadzenie na rynek.\u00a0 Spotkanie s\u0142u\u017cy lepszemu zrozumieniu perspektywy rynkowej dla dizajner\u00f3w.<\/p>\n<p>Micha\u0142 Dro\u017cd\u017c &#8211; dyrektor generalny ds. designu i strategii marketingowej w Ceramice Parady\u017c; Cz\u0142onek Zarz\u0105du Ceramika Parady\u017c, absolwent studi\u00f3w MBA (Wy\u017csza Szko\u0142a Biznesu &#8211; National Louis University w Nowym S\u0105czu i Wydzia\u0142u Form Przemys\u0142owych ASP w Krakowie.<\/p>\n<p>Nowy Styl<\/p>\n<p>15.00<\/p>\n<p>Promocja Ksi\u0105\u017cki Patryka Mogielnickiego <em>Ksi\u0105\u017cka po ok\u0142adce. O wsp\u00f3\u0142czesnym polskim projektowaniu ok\u0142adek ksi\u0105\u017ckowych<\/em>, Wydawnictwo Karakter, Aula<\/p>\n<p><img loading=\"lazy\" decoding=\"async\" class=\"alignnone size-medium wp-image-937\" src=\"https:\/\/fundacjaws.up.krakow.pl\/wp-content\/uploads\/2021\/11\/Nowka-Sztuka_NOC-FILMOWA-1-300x157.png\" alt=\"\" width=\"300\" height=\"157\" srcset=\"https:\/\/fundacja.nowkasztuka.com\/wp-content\/uploads\/2021\/11\/Nowka-Sztuka_NOC-FILMOWA-1-300x157.png 300w, https:\/\/fundacja.nowkasztuka.com\/wp-content\/uploads\/2021\/11\/Nowka-Sztuka_NOC-FILMOWA-1-768x402.png 768w, https:\/\/fundacja.nowkasztuka.com\/wp-content\/uploads\/2021\/11\/Nowka-Sztuka_NOC-FILMOWA-1-1024x536.png 1024w, https:\/\/fundacja.nowkasztuka.com\/wp-content\/uploads\/2021\/11\/Nowka-Sztuka_NOC-FILMOWA-1-750x393.png 750w, https:\/\/fundacja.nowkasztuka.com\/wp-content\/uploads\/2021\/11\/Nowka-Sztuka_NOC-FILMOWA-1.png 1920w\" sizes=\"(max-width: 300px) 100vw, 300px\" \/><\/p>\n<p>20.00<\/p>\n<p>Nocny Maraton Filmowy \u0141ukasza Rondudy w Kinie Paradox<\/p>\n<p>&nbsp;<\/p>\n<p>Online:<\/p>\n<p>13 listopada godz.11:00-14:00<\/p>\n<p>Contemporary Lynx: Sylwia Kraso\u0144 i Dobromi\u0142a B\u0142aszczyk &#8211; przegl\u0105d portoflio online\u00a0 dla artyst\u00f3w (<em>Artysta &#8211; zawodowiec<\/em>) &#8211; <em>Pierwsze kroki na rynku sztuki<\/em><\/p>\n<p>10 artyst\u00f3w, 10 indywidualnych sesji online, 2 mentorki, ka\u017cda sesja trwa jedn\u0105 godzin\u0119 i prowadzi j\u0105 jeden mentor.<\/p>\n<p><u>Zapisy obowi\u0105zkowe do 10.11.2021, do godziny 15:00, <\/u><a href=\"about:blank\">media@contemporarylynx.com<\/a><\/p>\n<p>Program sesji indywidualnej:<\/p>\n<ol>\n<li>Portfolio review \u2013 wsparcie w stworzeniu atrakcyjnego portfolio, korekta, porady<\/li>\n<li>Artist Statement \u2013 pomoc i porada redakcyjna oraz edytorska przy stworzeniu artist statement.<\/li>\n<li>Poruszanie si\u0119 po \u015bwiecie sztuki: udana wsp\u00f3\u0142praca z organizacjami artystycznymi, galeriami i innymi profesjonalistami.<\/li>\n<\/ol>\n<p>&nbsp;<\/p>\n<p>Warsztaty dla dzieci:<br \/>\nMonika N\u0119cka oraz studenci Edukacji Artystycznej ASP<\/p>\n<p><em>Materia \u015bwiata &#8211; \u015bwiat to ludzie i rzeczy<br \/>\n<\/em>Warsztaty tworzenia kola\u017cu &#8211; dzieci b\u0119d\u0105 tworzy\u0107 wsp\u00f3lna prace oparta na widokach miasta.<br \/>\nwarsztaty otwarte dla dzieci w godz. 11.30-14.00, 15-17.30 \u200b<\/p>\n<p>Wiek 6-12 lat<br \/>\nNie obowi\u0105zuj\u0105 zapisy<br \/>\nCzas nielimitowany (mo\u017cna do\u0142\u0105czy\u0107 w dowolnym momencie)<\/p>\n<p>&nbsp;<\/p>\n<p>&nbsp;<\/p>\n<p><strong>14 LISTOPADA 2021<\/strong><\/p>\n<p><strong> <img loading=\"lazy\" decoding=\"async\" class=\"alignnone size-medium wp-image-938\" src=\"https:\/\/fundacjaws.up.krakow.pl\/wp-content\/uploads\/2021\/11\/Zaproszenie_Nowka-Sztuka_Pierwsze-kroki-300x238.png\" alt=\"\" width=\"300\" height=\"238\" srcset=\"https:\/\/fundacja.nowkasztuka.com\/wp-content\/uploads\/2021\/11\/Zaproszenie_Nowka-Sztuka_Pierwsze-kroki-300x238.png 300w, https:\/\/fundacja.nowkasztuka.com\/wp-content\/uploads\/2021\/11\/Zaproszenie_Nowka-Sztuka_Pierwsze-kroki-768x608.png 768w, https:\/\/fundacja.nowkasztuka.com\/wp-content\/uploads\/2021\/11\/Zaproszenie_Nowka-Sztuka_Pierwsze-kroki-1024x811.png 1024w, https:\/\/fundacja.nowkasztuka.com\/wp-content\/uploads\/2021\/11\/Zaproszenie_Nowka-Sztuka_Pierwsze-kroki-750x594.png 750w, https:\/\/fundacja.nowkasztuka.com\/wp-content\/uploads\/2021\/11\/Zaproszenie_Nowka-Sztuka_Pierwsze-kroki.png 1200w\" sizes=\"(max-width: 300px) 100vw, 300px\" \/><\/strong><\/p>\n<p>13:00<\/p>\n<p><em>O kolekcjonowaniu.<\/em> Rozmowa o pasji, m\u0105drym inwestowaniu, koneserstwie &#8211; Katarzyna W\u0105s, art advisork\u0105, prowadzenie Kasia Bik, sala 100<\/p>\n<p>Spotkanie jest wprowadzeniem w arkana sztuki kolekcjonerskiej dla os\u00f3b, kt\u00f3re chc\u0105 zacz\u0105\u0107 swoj\u0105 kolekcj\u0119 i dla tych, kt\u00f3rzy stawiaj\u0105 ju\u017c pierwsze kroki. Stale zmieniaj\u0105cy si\u0119 krajobraz dzisiejszego rynku sztuki, z lokalnymi, mi\u0119dzynarodowymi targami sztuki i osza\u0142amiaj\u0105cym kalendarzem aukcji na \u017cywo i online, oferuje wi\u0119cej ni\u017c kiedykolwiek mo\u017cliwo\u015bci zakupu dzie\u0142 sztuki. Rozmowa obejmuje takie zagadnienia jak okre\u015bli\u0107 swojej cel kolekcji, czym si\u0119 kierowa\u0107 przy wyborze obiekt\u00f3w, jak odr\u00f3\u017cni\u0107 cen\u0119 od warto\u015bci, co nale\u017cy wzi\u0105\u0107 pod uwag\u0119 w rozmowie z artyst\u0105, galeri\u0105, art advisorem.<\/p>\n<p>Katarzyna W\u0105s &#8211; kuratorka, historyczka sztuki. Uko\u0144czy\u0142a histori\u0119 sztuki i gender studies na Uniwersytecie Jagiello\u0144skim. Doradczyni z zakresu sztuki wsp\u00f3\u0142pracuj\u0105ca z klientami indywidualnymi i korporacyjnymi. Autorka tekst\u00f3w o kulturze. Zajmuje si\u0119 kolekcjonerstwem praktycznie i teoretycznie, poszukuj\u0105c zale\u017cno\u015bci mi\u0119dzy tendencjami kolekcjonerskimi a ich odbiciem spo\u0142ecznym. Aktualnie niezale\u017cna art advisorka, rozwijaj\u0105ca ide\u0119 art care &#8211; uwa\u017cnego \u017cycia ze sztuk\u0105.<\/p>\n<p>Katarzyna Bik \u2013 historyczka sztuki, w latach 1990\u20132008 dziennikarka \u201eGazety Wyborczej\u201d. Rzeczniczka Muzeum Narodowym w Krakowie. Autorka\u00a0 biografii Damy z gronostajem \u201cNajdro\u017csza. Podw\u00f3jne \u017cycie Damy z gronostajem\u201d, katalogu madryckiej wystawy Fundacji Banco Santander \u201cGra\u017cyna Kulczyk collection. Everybody is nobody for somebody.\u201d, redaktorka ksi\u0105\u017cek, m.in.: &#8222;Ma\u0142opolska niepospolita&#8221;, &#8222;Ma\u0142opolska. Czas Ludzki&#8221;, &#8222;Ma\u0142opolska. Znaki Czasu&#8221;, &#8222;Nowe Sukiennice. Ale o co chodzi?&#8221;, tekst\u00f3w dla Art&amp;Business.\u00a0 Laureatka medalu Zas\u0142u\u017cony Kulturze &#8211; Gloria Artis.<\/p>\n<p>14:00<\/p>\n<p>Wyk\u0142ad Branding i komunikacja w pracy artysty- Natalia Pawlik, Asia Nowarska z Fundacji Spacer , NAGRANIE, prowadzenie Alicja G\u0142uszek<\/p>\n<p>&nbsp;<\/p>\n<p>&nbsp;<\/p>\n<p>Online:<\/p>\n<p>14 listopada godz.11:00-13:00<\/p>\n<p>Contemporary Lynx: Sylwia Kraso\u0144 i Dobromi\u0142a B\u0142aszczyk &#8211; przegl\u0105d portoflio online\u00a0 dla artyst\u00f3w (<em>Artysta &#8211; zawodowiec<\/em>) &#8211; <em>Pierwsze kroki na rynku sztuki<\/em><\/p>\n<p>10 artyst\u00f3w, 10 indywidualnych sesji online, 2 mentorki, ka\u017cda sesja trwa jedn\u0105 godzin\u0119 i prowadzi j\u0105 jeden mentor.<\/p>\n<p><u>Zapisy obowi\u0105zkowe do 10.11.2021, do godziny 15:00, <\/u><a href=\"about:blank\">media@contemporarylynx.com<\/a><\/p>\n<p>Program sesji indywidualnej:<\/p>\n<ol>\n<li>Portfolio review \u2013 wsparcie w stworzeniu atrakcyjnego portfolio, korekta, porady<\/li>\n<li>Artist Statement \u2013 pomoc i porada redakcyjna oraz edytorska przy stworzeniu artist statement.<\/li>\n<li>Poruszanie si\u0119 po \u015bwiecie sztuki: udana wsp\u00f3\u0142praca z organizacjami artystycznymi, galeriami i innymi profesjonalistami.<\/li>\n<\/ol>\n<p>&nbsp;<\/p>\n<p>Warsztaty dla dzieci:<br \/>\nMonika N\u0119cka oraz studenci Edukacji Artystycznej ASP<\/p>\n<p><em>Materia \u015bwiata &#8211; \u015bwiat to ludzie i rzeczy<br \/>\n<\/em>Warsztaty tworzenia kola\u017cu dla dzieci\u00a0 &#8211; wsp\u00f3lna prace oparta na widokach miasta.<br \/>\nwarsztaty otwarte dla dzieci w godz. 11.30-14.00, 15-17.30 \u200b<\/p>\n<p>Wiek 6-12 lat<br \/>\nNie obowi\u0105zuj\u0105 zapisy<br \/>\nCzas nielimitowany (mo\u017cna do\u0142\u0105czy\u0107 w dowolnym momencie)<\/p>\n<p>&nbsp;<\/p>\n","protected":false},"excerpt":{"rendered":"<p>PROGRAM WYDARZE\u0143 TOWARZYSZ\u0104CYCH 13 LISTOPADA 2021 &nbsp; 11.00 Karolina Wojciechowska &#8211; Prawo autorskie w \u015bwiecie sztuki. Praktyczne aspekty zwi\u0105zane z inwestowaniem w sztuk\u0119 \u2013 wyk\u0142ad, sala 100 Wyk\u0142ad stanowi wprowadzenie do najwa\u017cniejszych dla artyst\u00f3w i kolekcjoner\u00f3w aspekt\u00f3w prawnych. Przyjd\u017a i przekonaj si\u0119 co musz\u0105 wiedzie\u0107 arty\u015bci, \u017ceby zadba\u0107 o swoje prace? Co jest dozwolone, a&hellip;<a href=\"https:\/\/fundacja.nowkasztuka.com\/index.php\/2021\/11\/22\/program-wydarzen-towarzyszacych\/\" class=\"more-link\">Continue reading <span class=\"screen-reader-text\">program wydarze\u0144 towarzysz\u0105cych<\/span><\/a><\/p>\n","protected":false},"author":2,"featured_media":940,"comment_status":"closed","ping_status":"open","sticky":false,"template":"","format":"standard","meta":{"footnotes":""},"categories":[1],"tags":[],"_links":{"self":[{"href":"https:\/\/fundacja.nowkasztuka.com\/index.php\/wp-json\/wp\/v2\/posts\/936"}],"collection":[{"href":"https:\/\/fundacja.nowkasztuka.com\/index.php\/wp-json\/wp\/v2\/posts"}],"about":[{"href":"https:\/\/fundacja.nowkasztuka.com\/index.php\/wp-json\/wp\/v2\/types\/post"}],"author":[{"embeddable":true,"href":"https:\/\/fundacja.nowkasztuka.com\/index.php\/wp-json\/wp\/v2\/users\/2"}],"replies":[{"embeddable":true,"href":"https:\/\/fundacja.nowkasztuka.com\/index.php\/wp-json\/wp\/v2\/comments?post=936"}],"version-history":[{"count":3,"href":"https:\/\/fundacja.nowkasztuka.com\/index.php\/wp-json\/wp\/v2\/posts\/936\/revisions"}],"predecessor-version":[{"id":943,"href":"https:\/\/fundacja.nowkasztuka.com\/index.php\/wp-json\/wp\/v2\/posts\/936\/revisions\/943"}],"wp:featuredmedia":[{"embeddable":true,"href":"https:\/\/fundacja.nowkasztuka.com\/index.php\/wp-json\/wp\/v2\/media\/940"}],"wp:attachment":[{"href":"https:\/\/fundacja.nowkasztuka.com\/index.php\/wp-json\/wp\/v2\/media?parent=936"}],"wp:term":[{"taxonomy":"category","embeddable":true,"href":"https:\/\/fundacja.nowkasztuka.com\/index.php\/wp-json\/wp\/v2\/categories?post=936"},{"taxonomy":"post_tag","embeddable":true,"href":"https:\/\/fundacja.nowkasztuka.com\/index.php\/wp-json\/wp\/v2\/tags?post=936"}],"curies":[{"name":"wp","href":"https:\/\/api.w.org\/{rel}","templated":true}]}}