{"id":914,"date":"2021-11-22T10:23:01","date_gmt":"2021-11-22T09:23:01","guid":{"rendered":"https:\/\/fundacjaws.up.krakow.pl\/?p=914"},"modified":"2021-11-22T10:23:01","modified_gmt":"2021-11-22T09:23:01","slug":"fotorelacja-z-czwartych-targow-artystow-i-dizajnerow-nowka-sztuka-na-asp-w-krakowie","status":"publish","type":"post","link":"https:\/\/fundacja.nowkasztuka.com\/index.php\/2021\/11\/22\/fotorelacja-z-czwartych-targow-artystow-i-dizajnerow-nowka-sztuka-na-asp-w-krakowie\/","title":{"rendered":"fotorelacja z czwartych targ\u00f3w artyst\u00f3w i dizajner\u00f3w N\u00f3wka Sztuka na ASP w Krakowie"},"content":{"rendered":"<p>W dniach od 13-14 listopada 2021 r. odby\u0142a si\u0119 czwarta edycja targ\u00f3w artyst\u00f3w i dizajner\u00f3w \u2013 wydarzenia skierowanego do tw\u00f3rc\u00f3w, koneser\u00f3w sztuki i designu, mi\u0142o\u015bnik\u00f3w oryginalnych dzie\u0142 i poszukiwaczy talent\u00f3w w siedzibie Akademii Sztuk Pi\u0119knych w Krakowie przy Placu Matejki 13.<\/p>\n<p>By\u0142a to okazja do spotkania autor\u00f3w, rozmowy z nimi, zakupu niebanalnych i wyselekcjonowanych przez specjalist\u00f3w prac bez prowizji, prosto od tw\u00f3rc\u00f3w.<\/p>\n<p>Korzystaj\u0105c z zesz\u0142orocznego do\u015bwiadczenia w 2021 roku N\u00f3wka Sztuka odby\u0142a si\u0119 w wersji hybrydowej &#8211; targi online trwaj\u0105 a\u017c do 30.11.2021 r.<\/p>\n<p>Fotorelacja z targ\u00f3w:<\/p>\n<div id='gallery-1' class='gallery galleryid-914 gallery-columns-3 gallery-size-thumbnail'><figure class='gallery-item'>\n\t\t\t<div class='gallery-icon portrait'>\n\t\t\t\t<a href='https:\/\/fundacja.nowkasztuka.com\/index.php\/2021\/11\/22\/fotorelacja-z-czwartych-targow-artystow-i-dizajnerow-nowka-sztuka-na-asp-w-krakowie\/unnamed\/'><img loading=\"lazy\" decoding=\"async\" width=\"150\" height=\"150\" src=\"https:\/\/fundacja.nowkasztuka.com\/wp-content\/uploads\/2021\/11\/unnamed-150x150.jpg\" class=\"attachment-thumbnail size-thumbnail\" alt=\"\" \/><\/a>\n\t\t\t<\/div><\/figure><figure class='gallery-item'>\n\t\t\t<div class='gallery-icon landscape'>\n\t\t\t\t<a href='https:\/\/fundacja.nowkasztuka.com\/index.php\/2021\/11\/22\/fotorelacja-z-czwartych-targow-artystow-i-dizajnerow-nowka-sztuka-na-asp-w-krakowie\/257115521_2700596586915385_5132767657260797308_n\/'><img loading=\"lazy\" decoding=\"async\" width=\"150\" height=\"150\" src=\"https:\/\/fundacja.nowkasztuka.com\/wp-content\/uploads\/2021\/11\/257115521_2700596586915385_5132767657260797308_n-150x150.jpg\" class=\"attachment-thumbnail size-thumbnail\" alt=\"\" \/><\/a>\n\t\t\t<\/div><\/figure><figure class='gallery-item'>\n\t\t\t<div class='gallery-icon landscape'>\n\t\t\t\t<a href='https:\/\/fundacja.nowkasztuka.com\/index.php\/2021\/11\/22\/fotorelacja-z-czwartych-targow-artystow-i-dizajnerow-nowka-sztuka-na-asp-w-krakowie\/256782803_2699847160323661_7790365908767517318_n\/'><img loading=\"lazy\" decoding=\"async\" width=\"150\" height=\"150\" src=\"https:\/\/fundacja.nowkasztuka.com\/wp-content\/uploads\/2021\/11\/256782803_2699847160323661_7790365908767517318_n-150x150.jpg\" class=\"attachment-thumbnail size-thumbnail\" alt=\"\" \/><\/a>\n\t\t\t<\/div><\/figure><figure class='gallery-item'>\n\t\t\t<div class='gallery-icon landscape'>\n\t\t\t\t<a href='https:\/\/fundacja.nowkasztuka.com\/index.php\/2021\/11\/22\/fotorelacja-z-czwartych-targow-artystow-i-dizajnerow-nowka-sztuka-na-asp-w-krakowie\/256836747_2699847156990328_3762029468632860902_n\/'><img loading=\"lazy\" decoding=\"async\" width=\"150\" height=\"150\" src=\"https:\/\/fundacja.nowkasztuka.com\/wp-content\/uploads\/2021\/11\/256836747_2699847156990328_3762029468632860902_n-150x150.jpg\" class=\"attachment-thumbnail size-thumbnail\" alt=\"\" \/><\/a>\n\t\t\t<\/div><\/figure><figure class='gallery-item'>\n\t\t\t<div class='gallery-icon landscape'>\n\t\t\t\t<a href='https:\/\/fundacja.nowkasztuka.com\/index.php\/2021\/11\/22\/fotorelacja-z-czwartych-targow-artystow-i-dizajnerow-nowka-sztuka-na-asp-w-krakowie\/256855504_2699847153656995_7452582896285261239_n\/'><img loading=\"lazy\" decoding=\"async\" width=\"150\" height=\"150\" src=\"https:\/\/fundacja.nowkasztuka.com\/wp-content\/uploads\/2021\/11\/256855504_2699847153656995_7452582896285261239_n-150x150.png\" class=\"attachment-thumbnail size-thumbnail\" alt=\"\" \/><\/a>\n\t\t\t<\/div><\/figure><figure class='gallery-item'>\n\t\t\t<div class='gallery-icon landscape'>\n\t\t\t\t<a href='https:\/\/fundacja.nowkasztuka.com\/index.php\/2021\/11\/22\/fotorelacja-z-czwartych-targow-artystow-i-dizajnerow-nowka-sztuka-na-asp-w-krakowie\/257242136_2699847253656985_5729636495935796040_n\/'><img loading=\"lazy\" decoding=\"async\" width=\"150\" height=\"150\" src=\"https:\/\/fundacja.nowkasztuka.com\/wp-content\/uploads\/2021\/11\/257242136_2699847253656985_5729636495935796040_n-150x150.jpg\" class=\"attachment-thumbnail size-thumbnail\" alt=\"\" \/><\/a>\n\t\t\t<\/div><\/figure><figure class='gallery-item'>\n\t\t\t<div class='gallery-icon landscape'>\n\t\t\t\t<a href='https:\/\/fundacja.nowkasztuka.com\/index.php\/2021\/11\/22\/fotorelacja-z-czwartych-targow-artystow-i-dizajnerow-nowka-sztuka-na-asp-w-krakowie\/257442133_2701096203532090_2840509770800432738_n\/'><img loading=\"lazy\" decoding=\"async\" width=\"150\" height=\"150\" src=\"https:\/\/fundacja.nowkasztuka.com\/wp-content\/uploads\/2021\/11\/257442133_2701096203532090_2840509770800432738_n-150x150.jpg\" class=\"attachment-thumbnail size-thumbnail\" alt=\"\" \/><\/a>\n\t\t\t<\/div><\/figure><figure class='gallery-item'>\n\t\t\t<div class='gallery-icon landscape'>\n\t\t\t\t<a href='https:\/\/fundacja.nowkasztuka.com\/index.php\/2021\/11\/22\/fotorelacja-z-czwartych-targow-artystow-i-dizajnerow-nowka-sztuka-na-asp-w-krakowie\/257452528_2701096496865394_3804472517131116296_n\/'><img loading=\"lazy\" decoding=\"async\" width=\"150\" height=\"150\" src=\"https:\/\/fundacja.nowkasztuka.com\/wp-content\/uploads\/2021\/11\/257452528_2701096496865394_3804472517131116296_n-150x150.jpg\" class=\"attachment-thumbnail size-thumbnail\" alt=\"\" \/><\/a>\n\t\t\t<\/div><\/figure><figure class='gallery-item'>\n\t\t\t<div class='gallery-icon landscape'>\n\t\t\t\t<a href='https:\/\/fundacja.nowkasztuka.com\/index.php\/2021\/11\/22\/fotorelacja-z-czwartych-targow-artystow-i-dizajnerow-nowka-sztuka-na-asp-w-krakowie\/257452687_2700596610248716_8625412214671920289_n\/'><img loading=\"lazy\" decoding=\"async\" width=\"150\" height=\"150\" src=\"https:\/\/fundacja.nowkasztuka.com\/wp-content\/uploads\/2021\/11\/257452687_2700596610248716_8625412214671920289_n-150x150.jpg\" class=\"attachment-thumbnail size-thumbnail\" alt=\"\" \/><\/a>\n\t\t\t<\/div><\/figure><figure class='gallery-item'>\n\t\t\t<div class='gallery-icon landscape'>\n\t\t\t\t<a href='https:\/\/fundacja.nowkasztuka.com\/index.php\/2021\/11\/22\/fotorelacja-z-czwartych-targow-artystow-i-dizajnerow-nowka-sztuka-na-asp-w-krakowie\/257489174_2701096336865410_4514170108839115281_n\/'><img loading=\"lazy\" decoding=\"async\" width=\"150\" height=\"150\" src=\"https:\/\/fundacja.nowkasztuka.com\/wp-content\/uploads\/2021\/11\/257489174_2701096336865410_4514170108839115281_n-150x150.jpg\" class=\"attachment-thumbnail size-thumbnail\" alt=\"\" \/><\/a>\n\t\t\t<\/div><\/figure><figure class='gallery-item'>\n\t\t\t<div class='gallery-icon landscape'>\n\t\t\t\t<a href='https:\/\/fundacja.nowkasztuka.com\/index.php\/2021\/11\/22\/fotorelacja-z-czwartych-targow-artystow-i-dizajnerow-nowka-sztuka-na-asp-w-krakowie\/257492332_2700596606915383_220595422592456964_n\/'><img loading=\"lazy\" decoding=\"async\" width=\"150\" height=\"150\" src=\"https:\/\/fundacja.nowkasztuka.com\/wp-content\/uploads\/2021\/11\/257492332_2700596606915383_220595422592456964_n-150x150.jpg\" class=\"attachment-thumbnail size-thumbnail\" alt=\"\" \/><\/a>\n\t\t\t<\/div><\/figure><figure class='gallery-item'>\n\t\t\t<div class='gallery-icon landscape'>\n\t\t\t\t<a href='https:\/\/fundacja.nowkasztuka.com\/index.php\/2021\/11\/22\/fotorelacja-z-czwartych-targow-artystow-i-dizajnerow-nowka-sztuka-na-asp-w-krakowie\/257668508_2701096280198749_3455062138260694662_n\/'><img loading=\"lazy\" decoding=\"async\" width=\"150\" height=\"150\" src=\"https:\/\/fundacja.nowkasztuka.com\/wp-content\/uploads\/2021\/11\/257668508_2701096280198749_3455062138260694662_n-150x150.jpg\" class=\"attachment-thumbnail size-thumbnail\" alt=\"\" \/><\/a>\n\t\t\t<\/div><\/figure><figure class='gallery-item'>\n\t\t\t<div class='gallery-icon landscape'>\n\t\t\t\t<a href='https:\/\/fundacja.nowkasztuka.com\/index.php\/2021\/11\/22\/fotorelacja-z-czwartych-targow-artystow-i-dizajnerow-nowka-sztuka-na-asp-w-krakowie\/257789145_2701096426865401_8051799152446638462_n\/'><img loading=\"lazy\" decoding=\"async\" width=\"150\" height=\"150\" src=\"https:\/\/fundacja.nowkasztuka.com\/wp-content\/uploads\/2021\/11\/257789145_2701096426865401_8051799152446638462_n-150x150.jpg\" class=\"attachment-thumbnail size-thumbnail\" alt=\"\" \/><\/a>\n\t\t\t<\/div><\/figure><figure class='gallery-item'>\n\t\t\t<div class='gallery-icon landscape'>\n\t\t\t\t<a href='https:\/\/fundacja.nowkasztuka.com\/index.php\/2021\/11\/22\/fotorelacja-z-czwartych-targow-artystow-i-dizajnerow-nowka-sztuka-na-asp-w-krakowie\/257906829_2701096303532080_773483303911546524_n\/'><img loading=\"lazy\" decoding=\"async\" width=\"150\" height=\"150\" src=\"https:\/\/fundacja.nowkasztuka.com\/wp-content\/uploads\/2021\/11\/257906829_2701096303532080_773483303911546524_n-150x150.jpg\" class=\"attachment-thumbnail size-thumbnail\" alt=\"\" \/><\/a>\n\t\t\t<\/div><\/figure><figure class='gallery-item'>\n\t\t\t<div class='gallery-icon landscape'>\n\t\t\t\t<a href='https:\/\/fundacja.nowkasztuka.com\/index.php\/2021\/11\/22\/fotorelacja-z-czwartych-targow-artystow-i-dizajnerow-nowka-sztuka-na-asp-w-krakowie\/257939359_2701736566801387_7706418297277577052_n\/'><img loading=\"lazy\" decoding=\"async\" width=\"150\" height=\"150\" src=\"https:\/\/fundacja.nowkasztuka.com\/wp-content\/uploads\/2021\/11\/257939359_2701736566801387_7706418297277577052_n-150x150.jpg\" class=\"attachment-thumbnail size-thumbnail\" alt=\"\" \/><\/a>\n\t\t\t<\/div><\/figure><figure class='gallery-item'>\n\t\t\t<div class='gallery-icon landscape'>\n\t\t\t\t<a href='https:\/\/fundacja.nowkasztuka.com\/index.php\/2021\/11\/22\/fotorelacja-z-czwartych-targow-artystow-i-dizajnerow-nowka-sztuka-na-asp-w-krakowie\/257328663_2700545356920508_4720513214150911740_n\/'><img loading=\"lazy\" decoding=\"async\" width=\"150\" height=\"150\" src=\"https:\/\/fundacja.nowkasztuka.com\/wp-content\/uploads\/2021\/11\/257328663_2700545356920508_4720513214150911740_n-150x150.jpg\" class=\"attachment-thumbnail size-thumbnail\" alt=\"\" \/><\/a>\n\t\t\t<\/div><\/figure>\n\t\t<\/div>\n\n<p>&nbsp;<\/p>\n","protected":false},"excerpt":{"rendered":"<p>W dniach od 13-14 listopada 2021 r. odby\u0142a si\u0119 czwarta edycja targ\u00f3w artyst\u00f3w i dizajner\u00f3w \u2013 wydarzenia skierowanego do tw\u00f3rc\u00f3w, koneser\u00f3w sztuki i designu, mi\u0142o\u015bnik\u00f3w oryginalnych dzie\u0142 i poszukiwaczy talent\u00f3w w siedzibie Akademii Sztuk Pi\u0119knych w Krakowie przy Placu Matejki 13. By\u0142a to okazja do spotkania autor\u00f3w, rozmowy z nimi, zakupu niebanalnych i wyselekcjonowanych przez&hellip;<a href=\"https:\/\/fundacja.nowkasztuka.com\/index.php\/2021\/11\/22\/fotorelacja-z-czwartych-targow-artystow-i-dizajnerow-nowka-sztuka-na-asp-w-krakowie\/\" class=\"more-link\">Continue reading <span class=\"screen-reader-text\">fotorelacja z czwartych targ\u00f3w artyst\u00f3w i dizajner\u00f3w N\u00f3wka Sztuka na ASP w Krakowie<\/span><\/a><\/p>\n","protected":false},"author":2,"featured_media":931,"comment_status":"closed","ping_status":"open","sticky":false,"template":"","format":"standard","meta":{"footnotes":""},"categories":[1],"tags":[],"_links":{"self":[{"href":"https:\/\/fundacja.nowkasztuka.com\/index.php\/wp-json\/wp\/v2\/posts\/914"}],"collection":[{"href":"https:\/\/fundacja.nowkasztuka.com\/index.php\/wp-json\/wp\/v2\/posts"}],"about":[{"href":"https:\/\/fundacja.nowkasztuka.com\/index.php\/wp-json\/wp\/v2\/types\/post"}],"author":[{"embeddable":true,"href":"https:\/\/fundacja.nowkasztuka.com\/index.php\/wp-json\/wp\/v2\/users\/2"}],"replies":[{"embeddable":true,"href":"https:\/\/fundacja.nowkasztuka.com\/index.php\/wp-json\/wp\/v2\/comments?post=914"}],"version-history":[{"count":1,"href":"https:\/\/fundacja.nowkasztuka.com\/index.php\/wp-json\/wp\/v2\/posts\/914\/revisions"}],"predecessor-version":[{"id":932,"href":"https:\/\/fundacja.nowkasztuka.com\/index.php\/wp-json\/wp\/v2\/posts\/914\/revisions\/932"}],"wp:featuredmedia":[{"embeddable":true,"href":"https:\/\/fundacja.nowkasztuka.com\/index.php\/wp-json\/wp\/v2\/media\/931"}],"wp:attachment":[{"href":"https:\/\/fundacja.nowkasztuka.com\/index.php\/wp-json\/wp\/v2\/media?parent=914"}],"wp:term":[{"taxonomy":"category","embeddable":true,"href":"https:\/\/fundacja.nowkasztuka.com\/index.php\/wp-json\/wp\/v2\/categories?post=914"},{"taxonomy":"post_tag","embeddable":true,"href":"https:\/\/fundacja.nowkasztuka.com\/index.php\/wp-json\/wp\/v2\/tags?post=914"}],"curies":[{"name":"wp","href":"https:\/\/api.w.org\/{rel}","templated":true}]}}