{"id":891,"date":"2021-11-05T10:16:44","date_gmt":"2021-11-05T09:16:44","guid":{"rendered":"https:\/\/fundacjaws.up.krakow.pl\/?p=891"},"modified":"2021-11-11T10:31:56","modified_gmt":"2021-11-11T09:31:56","slug":"organizatorzy-i-partnerzy-targow-artystow-i-dizajnerow-nowka-sztuka","status":"publish","type":"post","link":"https:\/\/fundacja.nowkasztuka.com\/index.php\/2021\/11\/05\/organizatorzy-i-partnerzy-targow-artystow-i-dizajnerow-nowka-sztuka\/","title":{"rendered":"organizatorzy i partnerzy targ\u00f3w artyst\u00f3w i dizajner\u00f3w N\u00f3wka Sztuka"},"content":{"rendered":"<p><img loading=\"lazy\" decoding=\"async\" class=\"alignnone  wp-image-900\" src=\"https:\/\/fundacjaws.up.krakow.pl\/wp-content\/uploads\/2021\/11\/cmentarzyk-wertykalny-1-300x122.jpg\" alt=\"\" width=\"548\" height=\"223\" srcset=\"https:\/\/fundacja.nowkasztuka.com\/wp-content\/uploads\/2021\/11\/cmentarzyk-wertykalny-1-300x122.jpg 300w, https:\/\/fundacja.nowkasztuka.com\/wp-content\/uploads\/2021\/11\/cmentarzyk-wertykalny-1-768x313.jpg 768w, https:\/\/fundacja.nowkasztuka.com\/wp-content\/uploads\/2021\/11\/cmentarzyk-wertykalny-1-1024x417.jpg 1024w, https:\/\/fundacja.nowkasztuka.com\/wp-content\/uploads\/2021\/11\/cmentarzyk-wertykalny-1-750x305.jpg 750w, https:\/\/fundacja.nowkasztuka.com\/wp-content\/uploads\/2021\/11\/cmentarzyk-wertykalny-1.jpg 1115w\" sizes=\"(max-width: 548px) 100vw, 548px\" \/><\/p>\n<p>Organizatorami tegorocznej edycji targ\u00f3w jest:<\/p>\n<p class=\"preFade fadeIn\"><strong>Fundacja Wydzia\u0142u Sztuki:<\/strong>\u00a0<a href=\"http:\/\/fundacjaws.up.krakow.pl\/\">fundacjaws.up.krakow.pl<\/a><\/p>\n<p class=\"preFade fadeIn\"><strong>Akademia Sztuk Pi\u0119knych w Krakowie:<\/strong> <a href=\"https:\/\/www.asp.krakow.pl\/\">www.asp.krakow.pl<\/a><\/p>\n<p class=\"preFade fadeIn\"><strong>One Productions<\/strong><\/p>\n<p>&nbsp;<\/p>\n<p>Mi\u0142o nam poinformowa\u0107, \u017ce w tej edycji targ\u00f3w artyst\u00f3w i dizajner\u00f3w N\u00f3wka Sztuka mam y nowych Partner\u00f3w:<\/p>\n<p>&nbsp;<\/p>\n<h4 class=\"preFade fadeIn\">Partner:<\/h4>\n<p class=\"preFade fadeIn\"><strong>Wydzia\u0142 Sztuki Uniwersytetu Pedagogicznego w\u00a0Krakowie: <\/strong><a href=\"http:\/\/www.wydzialsztuki.up.krakow.pl\/\">www.wydzialsztuki.up.krakow.pl<\/a><\/p>\n<p class=\"preFade fadeIn\"><strong>Fundacja State of Poland<\/strong><a href=\"https:\/\/stateofpoland.pl\/\">\u00a0stateofpoland.pl<\/a><\/p>\n<p class=\"preFade fadeIn\"><strong>Uniwersytet Pedagogiczny w Krakowie <\/strong><a href=\"https:\/\/www.up.krakow.pl\/\" target=\"_blank\" rel=\"noopener noreferrer\">up.krakow.pl<\/a><\/p>\n<p>&nbsp;<\/p>\n<h4 class=\"preFade fadeIn\">Partnerzy wydarze\u0144 towarzysz\u0105cych:<\/h4>\n<p class=\"preFade fadeIn\"><strong>Nowy Styl <\/strong><a href=\"https:\/\/pl.nowystyl.com\/pl\/\">nowystyl.com<\/a><\/p>\n<p class=\"preFade fadeIn\"><strong>Radisson <\/strong><a href=\"https:\/\/www.radissonhotels.com\/pl-pl\/marka\/radisson-blu\">radissonhotels.com\/pl-pl<\/a><\/p>\n<p>&nbsp;<\/p>\n<h4 class=\"preFade fadeIn\">Patroni medialni:<\/h4>\n<p class=\"preFade fadeIn\"><strong>Radio Krak\u00f3w <\/strong><a href=\"https:\/\/www.radiokrakow.pl\/\">radiokrakow.pl<\/a><\/p>\n<p class=\"preFade fadeIn\"><strong>TVP3 Krakow <\/strong><a href=\"https:\/\/krakow.tvp.pl\/\">krakow.tvp.pl<\/a><\/p>\n<p class=\"preFade fadeIn\"><strong>JAZZKULTURA <\/strong><a href=\"https:\/\/jazzkultura.pl\/\">jazzkultura.pl<\/a><\/p>\n<p>&nbsp;<\/p>\n<p><strong>Projekt zrealizowany przy udziale Gminy Miejskiej Krak\u00f3w w ramach wydarzenia &#8222;sztuka do rzeczy &#8211; design w Krakowie&#8221;<\/strong><\/p>\n<p>&nbsp;<\/p>\n","protected":false},"excerpt":{"rendered":"<p>Organizatorami tegorocznej edycji targ\u00f3w jest: Fundacja Wydzia\u0142u Sztuki:\u00a0fundacjaws.up.krakow.pl Akademia Sztuk Pi\u0119knych w Krakowie: www.asp.krakow.pl One Productions &nbsp; Mi\u0142o nam poinformowa\u0107, \u017ce w tej edycji targ\u00f3w artyst\u00f3w i dizajner\u00f3w N\u00f3wka Sztuka mam y nowych Partner\u00f3w: &nbsp; Partner: Wydzia\u0142 Sztuki Uniwersytetu Pedagogicznego w\u00a0Krakowie: www.wydzialsztuki.up.krakow.pl Fundacja State of Poland\u00a0stateofpoland.pl Uniwersytet Pedagogiczny w Krakowie up.krakow.pl &nbsp; Partnerzy wydarze\u0144 towarzysz\u0105cych:&hellip;<a href=\"https:\/\/fundacja.nowkasztuka.com\/index.php\/2021\/11\/05\/organizatorzy-i-partnerzy-targow-artystow-i-dizajnerow-nowka-sztuka\/\" class=\"more-link\">Continue reading <span class=\"screen-reader-text\">organizatorzy i partnerzy targ\u00f3w artyst\u00f3w i dizajner\u00f3w N\u00f3wka Sztuka<\/span><\/a><\/p>\n","protected":false},"author":2,"featured_media":0,"comment_status":"closed","ping_status":"open","sticky":false,"template":"","format":"standard","meta":{"footnotes":""},"categories":[1],"tags":[],"_links":{"self":[{"href":"https:\/\/fundacja.nowkasztuka.com\/index.php\/wp-json\/wp\/v2\/posts\/891"}],"collection":[{"href":"https:\/\/fundacja.nowkasztuka.com\/index.php\/wp-json\/wp\/v2\/posts"}],"about":[{"href":"https:\/\/fundacja.nowkasztuka.com\/index.php\/wp-json\/wp\/v2\/types\/post"}],"author":[{"embeddable":true,"href":"https:\/\/fundacja.nowkasztuka.com\/index.php\/wp-json\/wp\/v2\/users\/2"}],"replies":[{"embeddable":true,"href":"https:\/\/fundacja.nowkasztuka.com\/index.php\/wp-json\/wp\/v2\/comments?post=891"}],"version-history":[{"count":7,"href":"https:\/\/fundacja.nowkasztuka.com\/index.php\/wp-json\/wp\/v2\/posts\/891\/revisions"}],"predecessor-version":[{"id":902,"href":"https:\/\/fundacja.nowkasztuka.com\/index.php\/wp-json\/wp\/v2\/posts\/891\/revisions\/902"}],"wp:attachment":[{"href":"https:\/\/fundacja.nowkasztuka.com\/index.php\/wp-json\/wp\/v2\/media?parent=891"}],"wp:term":[{"taxonomy":"category","embeddable":true,"href":"https:\/\/fundacja.nowkasztuka.com\/index.php\/wp-json\/wp\/v2\/categories?post=891"},{"taxonomy":"post_tag","embeddable":true,"href":"https:\/\/fundacja.nowkasztuka.com\/index.php\/wp-json\/wp\/v2\/tags?post=891"}],"curies":[{"name":"wp","href":"https:\/\/api.w.org\/{rel}","templated":true}]}}