{"id":883,"date":"2021-11-01T10:15:28","date_gmt":"2021-11-01T09:15:28","guid":{"rendered":"https:\/\/fundacjaws.up.krakow.pl\/?p=883"},"modified":"2021-11-22T10:26:28","modified_gmt":"2021-11-22T09:26:28","slug":"4-edycja-targow-artystow-i-dizajnerow-nowka-sztuka","status":"publish","type":"post","link":"https:\/\/fundacja.nowkasztuka.com\/index.php\/2021\/11\/01\/4-edycja-targow-artystow-i-dizajnerow-nowka-sztuka\/","title":{"rendered":"4. edycja targ\u00f3w artyst\u00f3w i dizajner\u00f3w N\u00f3wka Sztuka"},"content":{"rendered":"<p>&nbsp;<\/p>\n<p>&nbsp;<\/p>\n<p><img loading=\"lazy\" decoding=\"async\" class=\"alignnone wp-image-884\" src=\"https:\/\/fundacjaws.up.krakow.pl\/wp-content\/uploads\/2021\/11\/Nowka-Sztuka_FB-_wydarzenie-01-300x157.png\" alt=\"\" width=\"623\" height=\"326\" srcset=\"https:\/\/fundacja.nowkasztuka.com\/wp-content\/uploads\/2021\/11\/Nowka-Sztuka_FB-_wydarzenie-01-300x157.png 300w, https:\/\/fundacja.nowkasztuka.com\/wp-content\/uploads\/2021\/11\/Nowka-Sztuka_FB-_wydarzenie-01-768x402.png 768w, https:\/\/fundacja.nowkasztuka.com\/wp-content\/uploads\/2021\/11\/Nowka-Sztuka_FB-_wydarzenie-01-1024x536.png 1024w, https:\/\/fundacja.nowkasztuka.com\/wp-content\/uploads\/2021\/11\/Nowka-Sztuka_FB-_wydarzenie-01-750x393.png 750w, https:\/\/fundacja.nowkasztuka.com\/wp-content\/uploads\/2021\/11\/Nowka-Sztuka_FB-_wydarzenie-01.png 1920w\" sizes=\"(max-width: 623px) 100vw, 623px\" \/><\/p>\n<p>&nbsp;<\/p>\n<p><strong>Targi artyst\u00f3w i dizajner\u00f3w N\u00f3wka Sztuka 2021<\/strong><\/p>\n<p>plakat, grafika, malarstwo, ilustracja, ksi\u0105\u017cka, fotografia, design, rze\u017aba.<\/p>\n<p>czyli m\u0142oda polska sztuka i design w najlepszym wydaniu, w jednym miejscu, prosto od artyst\u00f3w.<\/p>\n<p>&nbsp;<\/p>\n<p>Inicjatywa powsta\u0142a w \u015brodowisku akademickim Krakowa jako odpowied\u017a na problem braku mo\u017cliwo\u015bci rozwoju w\u015br\u00f3d m\u0142odych tw\u00f3rc\u00f3w, nieumiej\u0119tno\u015bci kszta\u0142towania swojej kariery, braku wsparcia instytucjonalnego, braku umiej\u0119tno\u015bci biznesowych i postaw przedsi\u0119biorczych. Wyk\u0142adowcy zwi\u0105zani z tym \u015brodowiskiem posiadaj\u0105 wiedz\u0119 i umiej\u0119tno\u015bci dotycz\u0105ce tego tematu; s\u0105 wi\u0119c gwarantem wysokiego poziomu merytorycznego oraz artystycznego. Zaproszeni eksperci poszerzaj\u0105 to do\u015bwiadczenie o szerokie kontakty w \u015brodowisku kulturalnym.<\/p>\n<p>Dzia\u0142ania podejmowane w trakcie trag\u00f3w artyst\u00f3w i dizajner\u00f3w odpowiadaj\u0105\u00a0 na spo\u0142eczn\u0105 potrzeb\u0119 edukacji o warto\u015bci sztuki i dizajnu oraz jej tw\u00f3rc\u00f3w; ich miejsca w spo\u0142ecze\u0144stwie. Szukamy po\u0142\u0105cze\u0144 mi\u0119dzy sztuk\u0105 a biznesem oraz dizajnem a przedsi\u0119biorstwami. W ten spos\u00f3b b\u0119d\u0105 budowane kompetencje dotycz\u0105ce wsp\u00f3\u0142pracy mi\u0119dzy sektorami oraz kompetencje mi\u0119dzyludzkie w oparciu o wiedz\u0119 o ponadczasowej warto\u015bci sztuki i projektowania otaczaj\u0105cego \u015bwiata oraz docenianiu kreatywno\u015bci i tw\u00f3rczo\u015bci artystycznej. Spotkania i wsp\u00f3\u0142praca z profesjonalistami (galerie, muzea, krytycy, wydawnictwa, eksperci, wyk\u0142adowcy, media) b\u0119d\u0105 budowa\u0107 powy\u017csz\u0105 wiedz\u0119 i kompetencje.<\/p>\n<p>&nbsp;<\/p>\n<p>W dniach od 13-21 listopada 2021 r. odb\u0119dzie si\u0119 czwarta edycja targ\u00f3w artyst\u00f3w i dizajner\u00f3w \u2013 wydarzenia skierowanego do tw\u00f3rc\u00f3w, koneser\u00f3w sztuki i designu, mi\u0142o\u015bnik\u00f3w oryginalnych dzie\u0142 i poszukiwaczy talent\u00f3w.<\/p>\n<p>Organizatorzy zapraszaj\u0105 wszystkich, kt\u00f3rzy mogliby by\u0107 zainteresowani nawi\u0105zaniem wsp\u00f3\u0142pracy z m\u0142odymi artystami i projektantami grafiki, w tym wydawc\u00f3w, architekt\u00f3w, przedstawicieli biznesu oraz bran\u017c kreatywnych.<\/p>\n<p>B\u0119dzie to okazja do spotkania autor\u00f3w, rozmowy z nimi, zakupu niebanalnych i wyselekcjonowanych przez specjalist\u00f3w prac bez prowizji, prosto od tw\u00f3rc\u00f3w.<\/p>\n<p>&nbsp;<\/p>\n<p>Korzystaj\u0105c z zesz\u0142orocznego do\u015bwiadczenia w 2021 roku N\u00f3wka Sztuka odb\u0119dzie si\u0119 w wersji hybrydowej. W\u00a0 trakcie dw\u00f3ch pierwszych dni projektu od 13-14 listopada zapraszamy na tradycyjne targi sztuki w Akademii Sztuk Pi\u0119knych w Krakowie przy Placu Matejki 13, r\u00f3wnocze\u015bnie z targami online kt\u00f3re potrwaj\u0105 a\u017c do 30.11.2021 r.<\/p>\n","protected":false},"excerpt":{"rendered":"<p>&nbsp; &nbsp; &nbsp; Targi artyst\u00f3w i dizajner\u00f3w N\u00f3wka Sztuka 2021 plakat, grafika, malarstwo, ilustracja, ksi\u0105\u017cka, fotografia, design, rze\u017aba. czyli m\u0142oda polska sztuka i design w najlepszym wydaniu, w jednym miejscu, prosto od artyst\u00f3w. &nbsp; Inicjatywa powsta\u0142a w \u015brodowisku akademickim Krakowa jako odpowied\u017a na problem braku mo\u017cliwo\u015bci rozwoju w\u015br\u00f3d m\u0142odych tw\u00f3rc\u00f3w, nieumiej\u0119tno\u015bci kszta\u0142towania swojej kariery, braku&hellip;<a href=\"https:\/\/fundacja.nowkasztuka.com\/index.php\/2021\/11\/01\/4-edycja-targow-artystow-i-dizajnerow-nowka-sztuka\/\" class=\"more-link\">Continue reading <span class=\"screen-reader-text\">4. edycja targ\u00f3w artyst\u00f3w i dizajner\u00f3w N\u00f3wka Sztuka<\/span><\/a><\/p>\n","protected":false},"author":2,"featured_media":884,"comment_status":"closed","ping_status":"open","sticky":false,"template":"","format":"standard","meta":{"footnotes":""},"categories":[1],"tags":[],"_links":{"self":[{"href":"https:\/\/fundacja.nowkasztuka.com\/index.php\/wp-json\/wp\/v2\/posts\/883"}],"collection":[{"href":"https:\/\/fundacja.nowkasztuka.com\/index.php\/wp-json\/wp\/v2\/posts"}],"about":[{"href":"https:\/\/fundacja.nowkasztuka.com\/index.php\/wp-json\/wp\/v2\/types\/post"}],"author":[{"embeddable":true,"href":"https:\/\/fundacja.nowkasztuka.com\/index.php\/wp-json\/wp\/v2\/users\/2"}],"replies":[{"embeddable":true,"href":"https:\/\/fundacja.nowkasztuka.com\/index.php\/wp-json\/wp\/v2\/comments?post=883"}],"version-history":[{"count":2,"href":"https:\/\/fundacja.nowkasztuka.com\/index.php\/wp-json\/wp\/v2\/posts\/883\/revisions"}],"predecessor-version":[{"id":890,"href":"https:\/\/fundacja.nowkasztuka.com\/index.php\/wp-json\/wp\/v2\/posts\/883\/revisions\/890"}],"wp:featuredmedia":[{"embeddable":true,"href":"https:\/\/fundacja.nowkasztuka.com\/index.php\/wp-json\/wp\/v2\/media\/884"}],"wp:attachment":[{"href":"https:\/\/fundacja.nowkasztuka.com\/index.php\/wp-json\/wp\/v2\/media?parent=883"}],"wp:term":[{"taxonomy":"category","embeddable":true,"href":"https:\/\/fundacja.nowkasztuka.com\/index.php\/wp-json\/wp\/v2\/categories?post=883"},{"taxonomy":"post_tag","embeddable":true,"href":"https:\/\/fundacja.nowkasztuka.com\/index.php\/wp-json\/wp\/v2\/tags?post=883"}],"curies":[{"name":"wp","href":"https:\/\/api.w.org\/{rel}","templated":true}]}}