{"id":856,"date":"2020-12-10T20:04:55","date_gmt":"2020-12-10T19:04:55","guid":{"rendered":"http:\/\/fundacjaws.up.krakow.pl\/?p=856"},"modified":"2020-12-28T18:47:26","modified_gmt":"2020-12-28T17:47:26","slug":"festiwal-digitalne-archiwa-malopolski-2020","status":"publish","type":"post","link":"https:\/\/fundacja.nowkasztuka.com\/index.php\/2020\/12\/10\/festiwal-digitalne-archiwa-malopolski-2020\/","title":{"rendered":"Festiwal Digitalne Archiwa Ma\u0142opolski 2020"},"content":{"rendered":"<p><img loading=\"lazy\" decoding=\"async\" class=\"alignnone size-medium wp-image-859\" src=\"http:\/\/fundacjaws.up.krakow.pl\/wp-content\/uploads\/2020\/12\/Zrzut-ekranu-2020-12-4-o-12.41.26-300x151.png\" alt=\"\" width=\"300\" height=\"151\" srcset=\"https:\/\/fundacja.nowkasztuka.com\/wp-content\/uploads\/2020\/12\/Zrzut-ekranu-2020-12-4-o-12.41.26-300x151.png 300w, https:\/\/fundacja.nowkasztuka.com\/wp-content\/uploads\/2020\/12\/Zrzut-ekranu-2020-12-4-o-12.41.26-768x387.png 768w, https:\/\/fundacja.nowkasztuka.com\/wp-content\/uploads\/2020\/12\/Zrzut-ekranu-2020-12-4-o-12.41.26-1024x516.png 1024w, https:\/\/fundacja.nowkasztuka.com\/wp-content\/uploads\/2020\/12\/Zrzut-ekranu-2020-12-4-o-12.41.26-750x378.png 750w\" sizes=\"(max-width: 300px) 100vw, 300px\" \/><\/p>\n<p><strong>Festiwal Digitalne Archiwa Ma\u0142opolski 2020<\/strong><\/p>\n<p>Seria wydarze\u0144 artystycznych na interaktywnej platformie Mozilla Hubs z udzia\u0142em artyst\u00f3w, naukowc\u00f3w oraz lokalnej spo\u0142eczno\u015bci.<\/p>\n<p><strong>Wydarzenia:<\/strong><\/p>\n<p>Festiwal sk\u0142ada\u0142 si\u0119 z dw\u00f3ch g\u0142\u00f3wnych wydarze\u0144 gdzie zosta\u0142y zaprezentowane:<\/p>\n<p>&#8211; 4 wystawy cyfrowe w formie interaktywnych stron www zawieraj\u0105ce 4 zoptymalizowane skany 3D<\/p>\n<p>&#8211; 4 x studium przypadk\u00f3w analizowane przez specjalist\u00f3w od digitalizacji i organizacji wydarze\u0144 cyfrowych po\u0142\u0105czone z 4 webinariami.<\/p>\n<p>&nbsp;<\/p>\n<p><strong>Wystawa:<\/strong> Instytut XR oraz WSWS\u00a0 <strong>(29.10.2020 start: godz. 17.00)<\/strong><\/p>\n<p><a href=\"https:\/\/hubs.mozilla.com\/Etn2dCf\/uniform-joyful-roundtable?fbclid=IwAR0T-_3aFssJb6LlOXi8rs2Xc-NklfXtlI7PxXE-_bdCsTN8yBJfvrbIZU0\">https:\/\/hubs.mozilla.com\/Etn2dCf\/uniform-joyful-roundtable?fbclid=IwAR0T-_3aFssJb6LlOXi8rs2Xc-NklfXtlI7PxXE-_bdCsTN8yBJfvrbIZU0<\/a><\/p>\n<p>&nbsp;<\/p>\n<p><strong>Wystawa Eko baza<\/strong><\/p>\n<p><a href=\"https:\/\/hubs.mozilla.com\/UVeEuF7\/spiffy-aware-zone?fbclid=IwAR2wnC-8rzLZFtWVw1Rx6k7uGnyJ6NTjl5SXAZ3NQuKAfPb7rx9tbdUfe3U\">https:\/\/hubs.mozilla.com\/UVeEuF7\/spiffy-aware-zone?fbclid=IwAR2wnC-8rzLZFtWVw1Rx6k7uGnyJ6NTjl5SXAZ3NQuKAfPb7rx9tbdUfe3U<\/a><\/p>\n<p><strong>Podczas wydarzenia zosta\u0142 wykonany DJ set artysty Mchy i Porosty<\/strong><\/p>\n<p><strong>Webinaria + studium przypadku<\/strong>:<\/p>\n<p>dr \u0141ukasz Bis, dr Jakub Pierzcha\u0142a, dr Micha\u0142 Hyjek, dr Bartosz Zask\u00f3rski<\/p>\n<p>&nbsp;<\/p>\n<p><strong>Konferencja Naukowa \u201eDigitalne Archiwa Ma\u0142opolski 2 : rzeczywisto\u015b\u0107 XR\u201d<\/strong><\/p>\n<p>&nbsp;<\/p>\n<p><strong>Laboratorium SOLARIS\u00a0 <\/strong><strong>(30.11.2020 start godz. 17.00): <\/strong>Cyfrowa wycieczka po 2 lokacjach 3D.<\/p>\n<p>&nbsp;<\/p>\n<p><strong>Wystawa:<\/strong>\u00a0dr Katarzyna Bester (Synchrotron Solaris UJ)<\/p>\n<p><a href=\"http:\/\/www.instytutxr.tk\/SolarisWebXR_2020_10\/index.htm?fbclid=IwAR203I3ldoVlluzbOQ2O32Bpd3SROdxVjqKdupjcpLuA30xg6lsumTwRo_Q\">http:\/\/www.instytutxr.tk\/SolarisWebXR_2020_10\/index.htm<\/a><\/p>\n<p>oraz <a href=\"https:\/\/hubs.mozilla.com\/rWmBJVn\/solaris-synchrotron-xr?fbclid=IwAR3G-9q2wTKMJLd7xilar5yRPK3eO6LhvPu_6tlOjwGskxfmtrJPIzvf10c\">https:\/\/hubs.mozilla.com\/rWmBJVn\/solaris-synchrotron-xr<\/a><\/p>\n<p>&nbsp;<\/p>\n<p><strong>Wystawa:<\/strong>\u00a0dr Ma\u0142gorzata Markiewicz &#8211; Etnografia VR<\/p>\n<p><a href=\"https:\/\/hubs.mozilla.com\/eiAc6sm\/graffiti?fbclid=IwAR08lmCNs-jdIYtH3-UEy1iAHqL3Qs1ulILrLnEi-MdrJTD2elFgdStBBgs\">https:\/\/hubs.mozilla.com\/eiAc6sm\/graffiti?fbclid=IwAR08lmCNs-jdIYtH3-UEy1iAHqL3Qs1ulILrLnEi-MdrJTD2elFgdStBBgs<\/a><\/p>\n<p>17.45 &#8211; Medica Expert Mateusz Luba\u0144ski \/ Micha\u0142 Pacu\u0142t &#8211; konferencje medyczne 3D<\/p>\n<p>18.00 &#8211; Maciej Gniady + Instytut XR &#8211; Rze\u017aby Haptyczne w VR i XR<\/p>\n<p>18.20 &#8211; DJ set &#8211; Hellucze<\/p>\n<p>&nbsp;<\/p>\n<p>Dodatkowe info oraz materia\u0142y na <a href=\"https:\/\/l.facebook.com\/l.php?u=https%3A%2F%2Finstytutxr.tk%2Ffestiwal-digitalne-archiwa%2F%3Ffbclid%3DIwAR3juqLCejHEqPiVwyqzoa9I00EkmadeR2GDKjyUCChMhGZa03QEOXnbTTw&amp;h=AT28wSDdPYZZVrhz28sD4Gzz0JJgYBhVhMcNQlmO-nsuOT27OjY46n4SuVR0IGbyYwbsGmC2Tg64sqKALkxwm72NsHZykAHKHFKYsdQLgyzS_cGjXWkUA6dXNMxPXZw0A1d7Huk&amp;__tn__=-UK-R&amp;c%5B0%5D=AT2vzDvoY2dW0dw0_FgRO9q27pHl2-jgDIX3x1ETnXpHQih4gIRRmf_GU6UTTunOUwtUX5v6-RVfXEpmiGnGzDPc3W_gClhoptPAmBwwWgRHMFzBoLNAlN9EjOYZxNz8GV3kilVB6Fpriw\">https:\/\/instytutxr.tk\/festiwal-digitalne-archiwa\/<\/a><\/p>\n<p><strong>Wydarzenie towarzysz\u0105ce: <\/strong><\/p>\n<p>Premiera przewodnika haptycznego po obiekcie sakralnym w Bielsku-Bia\u0142ej\u00a0\u00a0&#8211; &gt;\u00a0<a href=\"https:\/\/instytutxr.tk\/przewodnik_sw_stanislawa\/\">https:\/\/instytutxr.tk\/przewodnik_sw_stanislawa\/<\/a><\/p>\n<p><u>Wi\u0119cej na stronie projektu: <\/u><a href=\"https:\/\/instytutxr.tk\/festiwal-digitalne-archiwa\/\">https:\/\/instytutxr.tk\/festiwal-digitalne-archiwa\/<\/a><\/p>\n<p>&nbsp;<\/p>\n<p>W okresie trwania Festiwalu (29.10.-30.11.2020) udzia\u0142 wzi\u0119\u0142o:<\/p>\n<p>&#8211; 72 aktywnych panelist\u00f3w Mozilla Hubs;<\/p>\n<p>&#8211; 516 zwiedzaj\u0105cych przestrzenie 3D;<\/p>\n<p>&#8211; 15139 ogl\u0105daj\u0105cych wydarzenie live stream.<\/p>\n<p><a href=\"http:\/\/fundacjaws.up.krakow.pl\/wp-content\/uploads\/2020\/12\/raport-up-festiwal-2020.pptx\">raport-up-festiwal-2020<\/a><\/p>\n<p><img loading=\"lazy\" decoding=\"async\" class=\"alignnone size-medium wp-image-858\" src=\"http:\/\/fundacjaws.up.krakow.pl\/wp-content\/uploads\/2020\/12\/Zrzut-ekranu-2020-12-4-o-12.40.55-300x151.png\" alt=\"\" width=\"300\" height=\"151\" srcset=\"https:\/\/fundacja.nowkasztuka.com\/wp-content\/uploads\/2020\/12\/Zrzut-ekranu-2020-12-4-o-12.40.55-300x151.png 300w, https:\/\/fundacja.nowkasztuka.com\/wp-content\/uploads\/2020\/12\/Zrzut-ekranu-2020-12-4-o-12.40.55-768x387.png 768w, https:\/\/fundacja.nowkasztuka.com\/wp-content\/uploads\/2020\/12\/Zrzut-ekranu-2020-12-4-o-12.40.55-1024x516.png 1024w, https:\/\/fundacja.nowkasztuka.com\/wp-content\/uploads\/2020\/12\/Zrzut-ekranu-2020-12-4-o-12.40.55-750x378.png 750w\" sizes=\"(max-width: 300px) 100vw, 300px\" \/> <img loading=\"lazy\" decoding=\"async\" class=\"alignnone size-medium wp-image-859\" src=\"http:\/\/fundacjaws.up.krakow.pl\/wp-content\/uploads\/2020\/12\/Zrzut-ekranu-2020-12-4-o-12.41.26-300x151.png\" alt=\"\" width=\"300\" height=\"151\" srcset=\"https:\/\/fundacja.nowkasztuka.com\/wp-content\/uploads\/2020\/12\/Zrzut-ekranu-2020-12-4-o-12.41.26-300x151.png 300w, https:\/\/fundacja.nowkasztuka.com\/wp-content\/uploads\/2020\/12\/Zrzut-ekranu-2020-12-4-o-12.41.26-768x387.png 768w, https:\/\/fundacja.nowkasztuka.com\/wp-content\/uploads\/2020\/12\/Zrzut-ekranu-2020-12-4-o-12.41.26-1024x516.png 1024w, https:\/\/fundacja.nowkasztuka.com\/wp-content\/uploads\/2020\/12\/Zrzut-ekranu-2020-12-4-o-12.41.26-750x378.png 750w\" sizes=\"(max-width: 300px) 100vw, 300px\" \/> <img loading=\"lazy\" decoding=\"async\" class=\"alignnone size-medium wp-image-860\" src=\"http:\/\/fundacjaws.up.krakow.pl\/wp-content\/uploads\/2020\/12\/Zrzut-ekranu-2020-12-4-o-12.42.09-300x151.png\" alt=\"\" width=\"300\" height=\"151\" srcset=\"https:\/\/fundacja.nowkasztuka.com\/wp-content\/uploads\/2020\/12\/Zrzut-ekranu-2020-12-4-o-12.42.09-300x151.png 300w, https:\/\/fundacja.nowkasztuka.com\/wp-content\/uploads\/2020\/12\/Zrzut-ekranu-2020-12-4-o-12.42.09-768x386.png 768w, https:\/\/fundacja.nowkasztuka.com\/wp-content\/uploads\/2020\/12\/Zrzut-ekranu-2020-12-4-o-12.42.09-1024x514.png 1024w, https:\/\/fundacja.nowkasztuka.com\/wp-content\/uploads\/2020\/12\/Zrzut-ekranu-2020-12-4-o-12.42.09-750x377.png 750w\" sizes=\"(max-width: 300px) 100vw, 300px\" \/><\/p>\n<p>&nbsp;<\/p>\n","protected":false},"excerpt":{"rendered":"<p>Festiwal Digitalne Archiwa Ma\u0142opolski 2020 Seria wydarze\u0144 artystycznych na interaktywnej platformie Mozilla Hubs z udzia\u0142em artyst\u00f3w, naukowc\u00f3w oraz lokalnej spo\u0142eczno\u015bci. Wydarzenia: Festiwal sk\u0142ada\u0142 si\u0119 z dw\u00f3ch g\u0142\u00f3wnych wydarze\u0144 gdzie zosta\u0142y zaprezentowane: &#8211; 4 wystawy cyfrowe w formie interaktywnych stron www zawieraj\u0105ce 4 zoptymalizowane skany 3D &#8211; 4 x studium przypadk\u00f3w analizowane przez specjalist\u00f3w od digitalizacji&hellip;<a href=\"https:\/\/fundacja.nowkasztuka.com\/index.php\/2020\/12\/10\/festiwal-digitalne-archiwa-malopolski-2020\/\" class=\"more-link\">Continue reading <span class=\"screen-reader-text\">Festiwal Digitalne Archiwa Ma\u0142opolski 2020<\/span><\/a><\/p>\n","protected":false},"author":2,"featured_media":0,"comment_status":"closed","ping_status":"open","sticky":false,"template":"","format":"standard","meta":{"footnotes":""},"categories":[1],"tags":[],"_links":{"self":[{"href":"https:\/\/fundacja.nowkasztuka.com\/index.php\/wp-json\/wp\/v2\/posts\/856"}],"collection":[{"href":"https:\/\/fundacja.nowkasztuka.com\/index.php\/wp-json\/wp\/v2\/posts"}],"about":[{"href":"https:\/\/fundacja.nowkasztuka.com\/index.php\/wp-json\/wp\/v2\/types\/post"}],"author":[{"embeddable":true,"href":"https:\/\/fundacja.nowkasztuka.com\/index.php\/wp-json\/wp\/v2\/users\/2"}],"replies":[{"embeddable":true,"href":"https:\/\/fundacja.nowkasztuka.com\/index.php\/wp-json\/wp\/v2\/comments?post=856"}],"version-history":[{"count":2,"href":"https:\/\/fundacja.nowkasztuka.com\/index.php\/wp-json\/wp\/v2\/posts\/856\/revisions"}],"predecessor-version":[{"id":869,"href":"https:\/\/fundacja.nowkasztuka.com\/index.php\/wp-json\/wp\/v2\/posts\/856\/revisions\/869"}],"wp:attachment":[{"href":"https:\/\/fundacja.nowkasztuka.com\/index.php\/wp-json\/wp\/v2\/media?parent=856"}],"wp:term":[{"taxonomy":"category","embeddable":true,"href":"https:\/\/fundacja.nowkasztuka.com\/index.php\/wp-json\/wp\/v2\/categories?post=856"},{"taxonomy":"post_tag","embeddable":true,"href":"https:\/\/fundacja.nowkasztuka.com\/index.php\/wp-json\/wp\/v2\/tags?post=856"}],"curies":[{"name":"wp","href":"https:\/\/api.w.org\/{rel}","templated":true}]}}