{"id":854,"date":"2020-12-01T20:00:11","date_gmt":"2020-12-01T19:00:11","guid":{"rendered":"http:\/\/fundacjaws.up.krakow.pl\/?p=854"},"modified":"2020-12-23T20:04:25","modified_gmt":"2020-12-23T19:04:25","slug":"nowka-sztuka-na-facebooku-i-instagramie","status":"publish","type":"post","link":"https:\/\/fundacja.nowkasztuka.com\/index.php\/2020\/12\/01\/nowka-sztuka-na-facebooku-i-instagramie\/","title":{"rendered":"N\u00f3wka Sztuka na Facebooku i Instagramie"},"content":{"rendered":"<p><img loading=\"lazy\" decoding=\"async\" class=\"alignnone size-medium wp-image-830\" src=\"http:\/\/fundacjaws.up.krakow.pl\/wp-content\/uploads\/2020\/10\/fb-184x300.png\" alt=\"\" width=\"184\" height=\"300\" srcset=\"https:\/\/fundacja.nowkasztuka.com\/wp-content\/uploads\/2020\/10\/fb-184x300.png 184w, https:\/\/fundacja.nowkasztuka.com\/wp-content\/uploads\/2020\/10\/fb.png 472w\" sizes=\"(max-width: 184px) 100vw, 184px\" \/> <img loading=\"lazy\" decoding=\"async\" class=\"alignnone size-medium wp-image-829\" src=\"http:\/\/fundacjaws.up.krakow.pl\/wp-content\/uploads\/2020\/10\/inst-211x300.png\" alt=\"\" width=\"211\" height=\"300\" srcset=\"https:\/\/fundacja.nowkasztuka.com\/wp-content\/uploads\/2020\/10\/inst-211x300.png 211w, https:\/\/fundacja.nowkasztuka.com\/wp-content\/uploads\/2020\/10\/inst.png 524w\" sizes=\"(max-width: 211px) 100vw, 211px\" \/><\/p>\n<p>&nbsp;<\/p>\n<p><strong>Facebook <\/strong>(23.10\u201329.11)<\/p>\n<p>\u2191 Przyrost polubie\u0144 fanpage\u2019a o 1867 lajk\u00f3w, czyli ponad 100%<\/p>\n<p>\u015aredni zasi\u0119g dzienny: organiczny 3617 \/ p\u0142atny 8951<\/p>\n<p>Ca\u0142kowity zasi\u0119g: organiczny 133 829 \/ p\u0142atny 331 187 = <strong>465 016<\/strong><\/p>\n<p>Ilo\u015b\u0107 opublikowanych post\u00f3w (nie wliczaj\u0105c Live Studio N\u00f3wki Sztuki): 52<\/p>\n<p>Post o najwi\u0119kszym zasi\u0119gu organicznym: 24.11 Video z pracowni Moniki Dro\u017cy\u0144skiej \u2013 6400 odbiorc\u00f3w<\/p>\n<p>Post o najwi\u0119kszym zasi\u0119gu p\u0142atnym: 10.11 Kalendarze Moniki Dro\u017cy\u0144skiej \u2013 7315 odbiorc\u00f3w<\/p>\n<p>&nbsp;<\/p>\n<p><strong>Wydarzenia<\/strong><\/p>\n<p><strong>N\u00f3wka Sztuka Online. Targi Artyst\u00f3w i Dizajner\u00f3w<\/strong><\/p>\n<p>zasi\u0119g: 137,9 ty\u015b. odbiorc\u00f3w<\/p>\n<p>6,9 ty\u015b. wy\u015bwietle\u0144 strony wydarzenia<\/p>\n<p>3,9 ty\u015b. odpowiedzi (w tym 544 wezm\u0119 udzia\u0142)<\/p>\n<p>&nbsp;<\/p>\n<p><strong>O kolekcjonowaniu w dobie Instagrama<\/strong><\/p>\n<p>zasi\u0119g: 18,9 ty\u015b. odbiorc\u00f3w<\/p>\n<p>736 wy\u015bwietle\u0144 strony wydarzenia<\/p>\n<p>477 odpowiedzi (w tym 62 wezm\u0119 udzia\u0142)<\/p>\n<p>&nbsp;<\/p>\n<p><strong>Instagram <\/strong>(23.11\u201330.11)<\/p>\n<p>\u2191 Przyrost polubie\u0144 profilu od 23.10 o 796 obserwuj\u0105cych, czyli prawie 200%<\/p>\n<p>Liczba odbiorc\u00f3w: 46 353<\/p>\n<p>Zasi\u0119g: 46 535<\/p>\n<p>Wy\u015bwietlenia: 142 914<\/p>\n<p>Wizyty w profilu: 3274<\/p>\n<p>Klikni\u0119cia przekierowuj\u0105ce do witryny: 480<\/p>\n<p>Wiadomo\u015bci e-mail: 2<\/p>\n<p>Ilo\u015b\u0107 opublikowanych post\u00f3w: 89<\/p>\n<p>Najlepszy post:<\/p>\n<p>zasi\u0119g: 28.11 ze zdj\u0119ciem Zespo\u0142u i podzi\u0119kowaniami za pierwszy dzie\u0144 targ\u00f3w \u2013 834 odbiorc\u00f3w<\/p>\n<p>polubienia: 16.11 z albumem @no_pic_no_chat \u2013 76 polubie\u0144<\/p>\n<p>Ilo\u015b\u0107 opublikowanych Instagram stories: 306 (w tym publikacje od wolontariuszy)<\/p>\n<p>&nbsp;<\/p>\n<p><strong>YouTube <\/strong>(19.11\u201329.11)<\/p>\n<p>\u2191 42 nowych subskrybent\u00f3w<\/p>\n<p>Ponad 1400 wy\u015bwietle\u0144 wszystkich film\u00f3w<\/p>\n<p>Video o najwi\u0119kszym zasi\u0119gu: <em>O kolekcjonowaniu w dobie Instagrama <\/em>398 wy\u015bwietle\u0144<\/p>\n<p>Czas ogl\u0105dania wszystkich film\u00f3w w godzinach: 132 godziny<\/p>\n","protected":false},"excerpt":{"rendered":"<p>&nbsp; Facebook (23.10\u201329.11) \u2191 Przyrost polubie\u0144 fanpage\u2019a o 1867 lajk\u00f3w, czyli ponad 100% \u015aredni zasi\u0119g dzienny: organiczny 3617 \/ p\u0142atny 8951 Ca\u0142kowity zasi\u0119g: organiczny 133 829 \/ p\u0142atny 331 187 = 465 016 Ilo\u015b\u0107 opublikowanych post\u00f3w (nie wliczaj\u0105c Live Studio N\u00f3wki Sztuki): 52 Post o najwi\u0119kszym zasi\u0119gu organicznym: 24.11 Video z pracowni Moniki Dro\u017cy\u0144skiej \u2013&hellip;<a href=\"https:\/\/fundacja.nowkasztuka.com\/index.php\/2020\/12\/01\/nowka-sztuka-na-facebooku-i-instagramie\/\" class=\"more-link\">Continue reading <span class=\"screen-reader-text\">N\u00f3wka Sztuka na Facebooku i Instagramie<\/span><\/a><\/p>\n","protected":false},"author":2,"featured_media":0,"comment_status":"closed","ping_status":"open","sticky":false,"template":"","format":"standard","meta":{"footnotes":""},"categories":[1],"tags":[],"_links":{"self":[{"href":"https:\/\/fundacja.nowkasztuka.com\/index.php\/wp-json\/wp\/v2\/posts\/854"}],"collection":[{"href":"https:\/\/fundacja.nowkasztuka.com\/index.php\/wp-json\/wp\/v2\/posts"}],"about":[{"href":"https:\/\/fundacja.nowkasztuka.com\/index.php\/wp-json\/wp\/v2\/types\/post"}],"author":[{"embeddable":true,"href":"https:\/\/fundacja.nowkasztuka.com\/index.php\/wp-json\/wp\/v2\/users\/2"}],"replies":[{"embeddable":true,"href":"https:\/\/fundacja.nowkasztuka.com\/index.php\/wp-json\/wp\/v2\/comments?post=854"}],"version-history":[{"count":1,"href":"https:\/\/fundacja.nowkasztuka.com\/index.php\/wp-json\/wp\/v2\/posts\/854\/revisions"}],"predecessor-version":[{"id":855,"href":"https:\/\/fundacja.nowkasztuka.com\/index.php\/wp-json\/wp\/v2\/posts\/854\/revisions\/855"}],"wp:attachment":[{"href":"https:\/\/fundacja.nowkasztuka.com\/index.php\/wp-json\/wp\/v2\/media?parent=854"}],"wp:term":[{"taxonomy":"category","embeddable":true,"href":"https:\/\/fundacja.nowkasztuka.com\/index.php\/wp-json\/wp\/v2\/categories?post=854"},{"taxonomy":"post_tag","embeddable":true,"href":"https:\/\/fundacja.nowkasztuka.com\/index.php\/wp-json\/wp\/v2\/tags?post=854"}],"curies":[{"name":"wp","href":"https:\/\/api.w.org\/{rel}","templated":true}]}}