{"id":852,"date":"2020-11-29T19:57:02","date_gmt":"2020-11-29T18:57:02","guid":{"rendered":"http:\/\/fundacjaws.up.krakow.pl\/?p=852"},"modified":"2020-12-28T18:46:30","modified_gmt":"2020-12-28T17:46:30","slug":"program-towarzyszacy-targom-nowka-sztuka","status":"publish","type":"post","link":"https:\/\/fundacja.nowkasztuka.com\/index.php\/2020\/11\/29\/program-towarzyszacy-targom-nowka-sztuka\/","title":{"rendered":"program towarzysz\u0105cy targom N\u00f3wka Sztuka"},"content":{"rendered":"<p><img loading=\"lazy\" decoding=\"async\" class=\"alignnone size-medium wp-image-840\" src=\"http:\/\/fundacjaws.up.krakow.pl\/wp-content\/uploads\/2020\/10\/artysci-300x149.png\" alt=\"\" width=\"300\" height=\"149\" srcset=\"https:\/\/fundacja.nowkasztuka.com\/wp-content\/uploads\/2020\/10\/artysci-300x149.png 300w, https:\/\/fundacja.nowkasztuka.com\/wp-content\/uploads\/2020\/10\/artysci-768x382.png 768w, https:\/\/fundacja.nowkasztuka.com\/wp-content\/uploads\/2020\/10\/artysci-1024x509.png 1024w, https:\/\/fundacja.nowkasztuka.com\/wp-content\/uploads\/2020\/10\/artysci-750x373.png 750w, https:\/\/fundacja.nowkasztuka.com\/wp-content\/uploads\/2020\/10\/artysci.png 1852w\" sizes=\"(max-width: 300px) 100vw, 300px\" \/><\/p>\n<p><strong>Targi N\u00d3WKA SZTUKA ONLINE <\/strong>to wyj\u0105tkowa platforma w Internecie, kt\u00f3ra daje Wam mo\u017cliwo\u015b\u0107 bezpo\u015bredniego kontaktu z wyselekcjonowanymi artystami.<\/p>\n<p>W dniach 28-29 zapraszamy te\u017c na wywiady LIVE z tw\u00f3rcami na Facebooku!<\/p>\n<p>B\u0119dziecie mogli skontaktowa\u0107 si\u0119 z Artystami dzi\u0119ki bezpo\u015brednim adresom mailowym, przez Facebooka, Instagrama, wideo rozmow\u0119 na \u017cywo lub je\u015bli tak wolicie &#8211; odwiedziny w pracowni.<\/p>\n<p>Przybli\u017camy Wam sylwetki Tw\u00f3rc\u00f3w, wierz\u0105c, \u017ce je\u015bli lepiej ich poznacie, zobaczycie gdzie i jak pracuj\u0105 u\u0142atwi to zrozumienie ich tw\u00f3rczo\u015bci.<\/p>\n<p>&nbsp;<\/p>\n<p><strong>WYDARZENIA TOWARZYSZ\u0104CE:<\/strong><\/p>\n<p>Zapraszamy do kana\u0142u VIDEO N\u00d3WKA SZTUKA !<\/p>\n<p><strong>CYKL\u00a0ODWIEDZINY W PRACOWNI:<\/strong><\/p>\n<p>CECYLII MALIK<\/p>\n<p>MONIKI DRO\u017bY\u0143SKIEJ<\/p>\n<p>BARTOLOMEO KOCZENASZA<\/p>\n<p>PIOTRA LUTY\u0143SKIEGO<\/p>\n<p>ADAMA RZEPECKIEGO<\/p>\n<p>TOMASZA G\u00d3RNICKIEGO<\/p>\n<p>NATALII KOPYTKO<\/p>\n<p>JUSTYNY MAZUR<\/p>\n<p>MARLENY BICZAK<\/p>\n<p>WYDAWNICTWIE KARAKTER<\/p>\n<p><img loading=\"lazy\" decoding=\"async\" class=\"alignnone size-medium wp-image-837\" src=\"http:\/\/fundacjaws.up.krakow.pl\/wp-content\/uploads\/2020\/10\/ytlutynski-300x212.png\" alt=\"\" width=\"300\" height=\"212\" srcset=\"https:\/\/fundacja.nowkasztuka.com\/wp-content\/uploads\/2020\/10\/ytlutynski-300x212.png 300w, https:\/\/fundacja.nowkasztuka.com\/wp-content\/uploads\/2020\/10\/ytlutynski-768x542.png 768w, https:\/\/fundacja.nowkasztuka.com\/wp-content\/uploads\/2020\/10\/ytlutynski-1024x723.png 1024w, https:\/\/fundacja.nowkasztuka.com\/wp-content\/uploads\/2020\/10\/ytlutynski-750x529.png 750w, https:\/\/fundacja.nowkasztuka.com\/wp-content\/uploads\/2020\/10\/ytlutynski.png 1322w\" sizes=\"(max-width: 300px) 100vw, 300px\" \/><\/p>\n<p><strong>CYKL\u00a0WPROWADZENIE DO KOLEKCJONOWANIA<\/strong><\/p>\n<p>Wyk\u0142ady jak zapocz\u0105tkowa\u0107 w\u0142asn\u0105 kolekcj\u0119<\/p>\n<p><strong>CYKL ROZMOWY:<\/strong><\/p>\n<p>Video transmisja na \u017cywo\u00a0 Panelu Dyskusyjnego &#8211; Rektor Akademii Sztuk Pi\u0119knych Profesor Andrzej Bednarczyk i Micha\u0142 Borowik, kolekcjoner M\u0142odego Pokolenia, tw\u00f3rca Polish Art Now w rozmowie Magdaleny Kownackiej <em>O kolekcjonowaniu w dobie Instagrama, o galeriach, o autopromocji w sieci, o inwestowaniu w sztuk\u0119.<\/em><\/p>\n<p><img loading=\"lazy\" decoding=\"async\" class=\"alignnone size-medium wp-image-833\" src=\"http:\/\/fundacjaws.up.krakow.pl\/wp-content\/uploads\/2020\/10\/plansza_zdjecia3-300x169.jpg\" alt=\"\" width=\"300\" height=\"169\" srcset=\"https:\/\/fundacja.nowkasztuka.com\/wp-content\/uploads\/2020\/10\/plansza_zdjecia3-300x169.jpg 300w, https:\/\/fundacja.nowkasztuka.com\/wp-content\/uploads\/2020\/10\/plansza_zdjecia3-768x432.jpg 768w, https:\/\/fundacja.nowkasztuka.com\/wp-content\/uploads\/2020\/10\/plansza_zdjecia3-1024x576.jpg 1024w, https:\/\/fundacja.nowkasztuka.com\/wp-content\/uploads\/2020\/10\/plansza_zdjecia3-750x422.jpg 750w, https:\/\/fundacja.nowkasztuka.com\/wp-content\/uploads\/2020\/10\/plansza_zdjecia3.jpg 1920w\" sizes=\"(max-width: 300px) 100vw, 300px\" \/><\/p>\n<p>Wywiad live Agnieszki Szu\u015bcik z Ew\u0105 Boli\u0144sk\u0105-Gostkowsk\u0105, senior editorem i foreign rights managerem w wydawnictwie Znak. Praktyczne wskaz\u00f3wki dla ilustrator\u00f3w i projektant\u00f3w graficznych jak nawi\u0105za\u0107 wsp\u00f3\u0142prac\u0119 z wielkim wydawnictwem.<\/p>\n<p><img loading=\"lazy\" decoding=\"async\" class=\"alignnone size-medium wp-image-836\" src=\"http:\/\/fundacjaws.up.krakow.pl\/wp-content\/uploads\/2020\/10\/yt-300x166.png\" alt=\"\" width=\"300\" height=\"166\" srcset=\"https:\/\/fundacja.nowkasztuka.com\/wp-content\/uploads\/2020\/10\/yt-300x166.png 300w, https:\/\/fundacja.nowkasztuka.com\/wp-content\/uploads\/2020\/10\/yt-768x425.png 768w, https:\/\/fundacja.nowkasztuka.com\/wp-content\/uploads\/2020\/10\/yt-1024x567.png 1024w, https:\/\/fundacja.nowkasztuka.com\/wp-content\/uploads\/2020\/10\/yt-750x415.png 750w, https:\/\/fundacja.nowkasztuka.com\/wp-content\/uploads\/2020\/10\/yt.png 1390w\" sizes=\"(max-width: 300px) 100vw, 300px\" \/><\/p>\n<p><strong>CYKL SPOTKANIA:<\/strong><\/p>\n<p>&#8211; jak wygl\u0105da\u0142 proces powstawania rzemios\u0142a artystycznego, co \u0142\u0105czy\u0142o artyst\u00f3w, jak rozpozna\u0107 ich autorskie dzie\u0142a.<\/p>\n<p>Zapraszamy\u00a0 do obejrzenia 3 wywiad\u00f3w z ekspertami zakresie rzemios\u0142a artystycznego.<\/p>\n<p><strong>Bo\u017cena Kostuch<\/strong>, powojenna krakowska ceramika artystyczna i mozaika. Jacy arty\u015bci tworzyli, charakterystyka ich tw\u00f3rczo\u015bci. Sp\u00f3\u0142dzielnia kamionka \u0141ysa G\u00f3ra, kr\u00f3tki rys historyczny.<\/p>\n<p><strong>Aleksandra Skorek, Instytut Szk\u0142a Artystycznego<\/strong>: Krakowskie szk\u0142o artystyczne, kr\u00f3tka historia Instytutu, arty\u015bci i ich realizacje, charakterystyka szk\u0142a krakowskiego, jak rozpozna\u0107.<\/p>\n<p><strong>Natalia Kopytko-\u00a0<\/strong>sentymentalna podr\u00f3\u017c do \u0141ysej G\u00f3ry. Wizyta w pracowni Natalii. Wsp\u00f3\u0142czesne realizacje artystki, kt\u00f3re inspirowane\u00a0 si\u0119 lokaln\u0105 tw\u00f3rczo\u015bci\u0105 i ceramik\u0105 \u0141ysog\u00f3rsk\u0105. Jej kolekcja ceramiki \u0142ysog\u00f3rskiej. Osobista historia zwi\u0105zana z kamionk\u0105 i miejscowo\u015bci\u0105.<\/p>\n<p>Polskie powojenne rzemios\u0142o artystyczne prze\u017cywa aktualnie sw\u00f3j renesans. Nast\u0105pi\u0142a spo\u0142eczna zmiana, dzi\u0119ki kt\u00f3rej zaczynamy docenia\u0107 i odkrywa\u0107 nie tylko ceramik\u0119 architektoniczn\u0105 w przestrzeni publicznej, ale i coraz ch\u0119tniej otacza\u0107 si\u0119 mniejszymi formami, kt\u00f3re niegdy\u015b wykonane zosta\u0142y w warsztatach rzemie\u015blniczych.<\/p>\n<p>Powojenne rzemios\u0142o artystyczne, zw\u0142aszcza to, za kt\u00f3rym kryje si\u0119 konkretne nazwisko czy historia, coraz cz\u0119\u015bciej staje si\u0119 obiektem zainteresowa\u0144 kolekcjoner\u00f3w. Tendencje rynkowe, a tak\u017ce wyniki aukcyjne z ostatnich lat potwierdzaj\u0105 ogromn\u0105 popularno\u015b\u0107 ceramiki artystycznej z \u0141ysej G\u00f3ry czy szk\u0142a krakowskiego, kt\u00f3re jeszcze kilka lat temu\u00a0\u00a0bezimiennie trafia\u0142y do jednej szuflady pod nazw\u0105 PRL.<\/p>\n<p>&nbsp;<\/p>\n","protected":false},"excerpt":{"rendered":"<p>Targi N\u00d3WKA SZTUKA ONLINE to wyj\u0105tkowa platforma w Internecie, kt\u00f3ra daje Wam mo\u017cliwo\u015b\u0107 bezpo\u015bredniego kontaktu z wyselekcjonowanymi artystami. W dniach 28-29 zapraszamy te\u017c na wywiady LIVE z tw\u00f3rcami na Facebooku! B\u0119dziecie mogli skontaktowa\u0107 si\u0119 z Artystami dzi\u0119ki bezpo\u015brednim adresom mailowym, przez Facebooka, Instagrama, wideo rozmow\u0119 na \u017cywo lub je\u015bli tak wolicie &#8211; odwiedziny w pracowni.&hellip;<a href=\"https:\/\/fundacja.nowkasztuka.com\/index.php\/2020\/11\/29\/program-towarzyszacy-targom-nowka-sztuka\/\" class=\"more-link\">Continue reading <span class=\"screen-reader-text\">program towarzysz\u0105cy targom N\u00f3wka Sztuka<\/span><\/a><\/p>\n","protected":false},"author":2,"featured_media":0,"comment_status":"closed","ping_status":"open","sticky":false,"template":"","format":"standard","meta":{"footnotes":""},"categories":[1],"tags":[],"_links":{"self":[{"href":"https:\/\/fundacja.nowkasztuka.com\/index.php\/wp-json\/wp\/v2\/posts\/852"}],"collection":[{"href":"https:\/\/fundacja.nowkasztuka.com\/index.php\/wp-json\/wp\/v2\/posts"}],"about":[{"href":"https:\/\/fundacja.nowkasztuka.com\/index.php\/wp-json\/wp\/v2\/types\/post"}],"author":[{"embeddable":true,"href":"https:\/\/fundacja.nowkasztuka.com\/index.php\/wp-json\/wp\/v2\/users\/2"}],"replies":[{"embeddable":true,"href":"https:\/\/fundacja.nowkasztuka.com\/index.php\/wp-json\/wp\/v2\/comments?post=852"}],"version-history":[{"count":2,"href":"https:\/\/fundacja.nowkasztuka.com\/index.php\/wp-json\/wp\/v2\/posts\/852\/revisions"}],"predecessor-version":[{"id":868,"href":"https:\/\/fundacja.nowkasztuka.com\/index.php\/wp-json\/wp\/v2\/posts\/852\/revisions\/868"}],"wp:attachment":[{"href":"https:\/\/fundacja.nowkasztuka.com\/index.php\/wp-json\/wp\/v2\/media?parent=852"}],"wp:term":[{"taxonomy":"category","embeddable":true,"href":"https:\/\/fundacja.nowkasztuka.com\/index.php\/wp-json\/wp\/v2\/categories?post=852"},{"taxonomy":"post_tag","embeddable":true,"href":"https:\/\/fundacja.nowkasztuka.com\/index.php\/wp-json\/wp\/v2\/tags?post=852"}],"curies":[{"name":"wp","href":"https:\/\/api.w.org\/{rel}","templated":true}]}}