{"id":846,"date":"2020-10-23T19:47:51","date_gmt":"2020-10-23T17:47:51","guid":{"rendered":"http:\/\/fundacjaws.up.krakow.pl\/?p=846"},"modified":"2020-12-23T19:50:07","modified_gmt":"2020-12-23T18:50:07","slug":"nowka-sztuka-online","status":"publish","type":"post","link":"https:\/\/fundacja.nowkasztuka.com\/index.php\/2020\/10\/23\/nowka-sztuka-online\/","title":{"rendered":"N\u00f3wka Sztuka online"},"content":{"rendered":"<div style=\"width: 1040px;\" class=\"wp-video\"><!--[if lt IE 9]><script>document.createElement('video');<\/script><![endif]-->\n<video class=\"wp-video-shortcode\" id=\"video-846-1\" width=\"1040\" height=\"585\" preload=\"metadata\" controls=\"controls\"><source type=\"video\/mp4\" src=\"http:\/\/fundacjaws.up.krakow.pl\/wp-content\/uploads\/2020\/10\/animacja-Nowka-Sztuka.mp4?_=1\" \/><a href=\"http:\/\/fundacjaws.up.krakow.pl\/wp-content\/uploads\/2020\/10\/animacja-Nowka-Sztuka.mp4\">http:\/\/fundacjaws.up.krakow.pl\/wp-content\/uploads\/2020\/10\/animacja-Nowka-Sztuka.mp4<\/a><\/video><\/div>\n<p>Przed nami trzecia edycja targ\u00f3w Artyst\u00f3w i Designer\u00f3w\u00a0N\u00f3wka Sztuka\u00a0w ramach projektu Urz\u0119du Miasta Krakowa\u00a0<strong>Sztuka do rzeczy \u2013 design w Krakowie<\/strong>.<\/p>\n<p><strong>Od 28.-29.11.2020\u00a0 zapraszamy na Targi\u00a0<\/strong><a href=\"https:\/\/www.facebook.com\/targinowkasztuka\/\"><strong>N\u00f3wka Sztuka 2020<\/strong><\/a><strong>\u00a0kt\u00f3re odb\u0119d\u0105 si\u0119 ca\u0142kowicie\u00a0<\/strong><strong>ONLINE.<\/strong><strong><br \/>\n<\/strong><\/p>\n<p>Wydarzenie programowo skierowane do tw\u00f3rc\u00f3w, koneser\u00f3w sztuki i designu, mi\u0142o\u015bnik\u00f3w oryginalnych dzie\u0142 i poszukiwaczy nowych talent\u00f3w stawia sobie za cel u\u0142atwienie artystom nawi\u0105zania kontakt\u00f3w oraz wsp\u00f3\u0142pracy z odbiorcami ich tw\u00f3rczo\u015bci. Organizatorzy zapraszaj\u0105 wszystkich, kt\u00f3rzy mogliby by\u0107 zainteresowani nawi\u0105zaniem wsp\u00f3\u0142pracy z m\u0142odymi artystami i projektantami grafiki, w tym wydawc\u00f3w, architekt\u00f3w, przedstawicieli biznesu oraz bran\u017c kreatywnych.<br \/>\nInicjatorami projektu s\u0105 przedstawiciele krakowskich uczelni artystycznych i kreatywnych inicjatyw tw\u00f3rczych &#8211; Fundacji Wydzia\u0142u Sztuki Uniwersytetu Pedagogicznego oraz Akademii Sztuk Pi\u0119knych w Krakowie.<\/p>\n<p>W gronie Partner\u00f3w dotychczas znale\u017ali si\u0119 Dydo Poster Gallery, Galeria Bunkier Sztuki, Mocak, F.A.I.T., a wsp\u00f3\u0142organizatorem jest Akademia Sztuk Pi\u0119knych w Krakowie.<\/p>\n","protected":false},"excerpt":{"rendered":"<p>Przed nami trzecia edycja targ\u00f3w Artyst\u00f3w i Designer\u00f3w\u00a0N\u00f3wka Sztuka\u00a0w ramach projektu Urz\u0119du Miasta Krakowa\u00a0Sztuka do rzeczy \u2013 design w Krakowie. Od 28.-29.11.2020\u00a0 zapraszamy na Targi\u00a0N\u00f3wka Sztuka 2020\u00a0kt\u00f3re odb\u0119d\u0105 si\u0119 ca\u0142kowicie\u00a0ONLINE. Wydarzenie programowo skierowane do tw\u00f3rc\u00f3w, koneser\u00f3w sztuki i designu, mi\u0142o\u015bnik\u00f3w oryginalnych dzie\u0142 i poszukiwaczy nowych talent\u00f3w stawia sobie za cel u\u0142atwienie artystom nawi\u0105zania kontakt\u00f3w oraz&hellip;<a href=\"https:\/\/fundacja.nowkasztuka.com\/index.php\/2020\/10\/23\/nowka-sztuka-online\/\" class=\"more-link\">Continue reading <span class=\"screen-reader-text\">N\u00f3wka Sztuka online<\/span><\/a><\/p>\n","protected":false},"author":2,"featured_media":0,"comment_status":"closed","ping_status":"open","sticky":false,"template":"","format":"standard","meta":{"footnotes":""},"categories":[1],"tags":[],"_links":{"self":[{"href":"https:\/\/fundacja.nowkasztuka.com\/index.php\/wp-json\/wp\/v2\/posts\/846"}],"collection":[{"href":"https:\/\/fundacja.nowkasztuka.com\/index.php\/wp-json\/wp\/v2\/posts"}],"about":[{"href":"https:\/\/fundacja.nowkasztuka.com\/index.php\/wp-json\/wp\/v2\/types\/post"}],"author":[{"embeddable":true,"href":"https:\/\/fundacja.nowkasztuka.com\/index.php\/wp-json\/wp\/v2\/users\/2"}],"replies":[{"embeddable":true,"href":"https:\/\/fundacja.nowkasztuka.com\/index.php\/wp-json\/wp\/v2\/comments?post=846"}],"version-history":[{"count":1,"href":"https:\/\/fundacja.nowkasztuka.com\/index.php\/wp-json\/wp\/v2\/posts\/846\/revisions"}],"predecessor-version":[{"id":847,"href":"https:\/\/fundacja.nowkasztuka.com\/index.php\/wp-json\/wp\/v2\/posts\/846\/revisions\/847"}],"wp:attachment":[{"href":"https:\/\/fundacja.nowkasztuka.com\/index.php\/wp-json\/wp\/v2\/media?parent=846"}],"wp:term":[{"taxonomy":"category","embeddable":true,"href":"https:\/\/fundacja.nowkasztuka.com\/index.php\/wp-json\/wp\/v2\/categories?post=846"},{"taxonomy":"post_tag","embeddable":true,"href":"https:\/\/fundacja.nowkasztuka.com\/index.php\/wp-json\/wp\/v2\/tags?post=846"}],"curies":[{"name":"wp","href":"https:\/\/api.w.org\/{rel}","templated":true}]}}