{"id":822,"date":"2020-10-20T18:40:25","date_gmt":"2020-10-20T16:40:25","guid":{"rendered":"http:\/\/fundacjaws.up.krakow.pl\/?p=822"},"modified":"2020-12-28T18:45:08","modified_gmt":"2020-12-28T17:45:08","slug":"nowka-sztuka-2020","status":"publish","type":"post","link":"https:\/\/fundacja.nowkasztuka.com\/index.php\/2020\/10\/20\/nowka-sztuka-2020\/","title":{"rendered":"N\u00f3wka Sztuka 2020 online!"},"content":{"rendered":"<p><img loading=\"lazy\" decoding=\"async\" class=\"alignnone size-medium wp-image-828\" src=\"http:\/\/fundacjaws.up.krakow.pl\/wp-content\/uploads\/2020\/10\/eng1-300x150.png\" alt=\"\" width=\"300\" height=\"150\" srcset=\"https:\/\/fundacja.nowkasztuka.com\/wp-content\/uploads\/2020\/10\/eng1-300x150.png 300w, https:\/\/fundacja.nowkasztuka.com\/wp-content\/uploads\/2020\/10\/eng1-768x385.png 768w, https:\/\/fundacja.nowkasztuka.com\/wp-content\/uploads\/2020\/10\/eng1-1024x513.png 1024w, https:\/\/fundacja.nowkasztuka.com\/wp-content\/uploads\/2020\/10\/eng1-750x376.png 750w, https:\/\/fundacja.nowkasztuka.com\/wp-content\/uploads\/2020\/10\/eng1.png 1841w\" sizes=\"(max-width: 300px) 100vw, 300px\" \/><\/p>\n<p><strong>N\u00f3wka Sztuka czyli krakowskie Targi Artyst\u00f3w i Designer\u00f3w ONLINE!<\/strong><\/p>\n<p><strong>Kupujmy sztuk\u0119 bez wychodzenia z domu.\u00a0 <\/strong><\/p>\n<p>W ostatni weekend listopada, odb\u0119dzie si\u0119 trzecia ju\u017c edycja krakowskich <strong>targ\u00f3w N\u00d3WKA SZTUKA, wyj\u0105tkowego wydarzenia promuj\u0105cego Artyst\u00f3w oraz przybli\u017caj\u0105cego ich tw\u00f3rczo\u015b\u0107 szerszej publiczno\u015bci<\/strong> \u2013 <em>Tym razem w wyj\u0105tkowej ods\u0142onie. Impreza w ca\u0142o\u015bci odb\u0119dzie si\u0119 ONLINE<\/em>\u2013 zapowiadaj\u0105 organizatorzy.<\/p>\n<p>ONLINE? To znaczy jak?<\/p>\n<p>W wydarzeniu b\u0119dzie mo\u017cna wzi\u0105\u0107 udzia\u0142 na specjalnie w tym celu powstaj\u0105cym portalu <a href=\"http:\/\/nowkasztuka.com\">nowkasztuka.com<\/a> sporo te\u017c b\u0119dzie si\u0119 dzia\u0142o na Facebooku, Instagramie i kanale YouTube N\u00d3WKI SZTUKI.<em> &#8211; Wyszli<\/em><em>\u015b<\/em><em>my od spotkania z Artystami i to wci<\/em><em>\u0105\u017c<\/em> <em>jest dla nas niezwykle wa<\/em><em>\u017c<\/em><em>ne ale koncentrujemy si<\/em><em>\u0119<\/em> <em>na plusach nowej sytuacji. Ze wzgl<\/em><em>\u0119<\/em><em>du na edycj<\/em><em>\u0119<\/em> <em>ONLINE b<\/em><em>\u0119<\/em><em>dzie mo<\/em><em>\u017c<\/em><em>na uczestniczy<\/em><em>\u0107<\/em> <em>w imprezie i kupowa<\/em><em>\u0107<\/em> <em>sztuk<\/em><em>\u0119<\/em> <em>wsz<\/em><em>\u0119<\/em><em>dzie tam gdzie jest internet! <\/em>&#8211; zapowiada Karolina Bisping_Adamik, producentka wydarzenia. <em>Z ca<\/em><em>\u0142<\/em><em>ym zespo<\/em><em>\u0142<\/em><em>em opracowujemy nowy plan dzia<\/em><em>\u0142<\/em><em>ania targ<\/em><em>\u00f3<\/em><em>w, naszym hitem b<\/em><em>\u0119<\/em><em>dzie mo<\/em><em>\u017c<\/em><em>liwo<\/em><em>\u015b\u0107<\/em> <em>wideo czatu ze sprzedaj<\/em><em>\u0105<\/em><em>cym, zapewniamy tak<\/em><em>\u017c<\/em><em>e bezpo<\/em><em>\u015b<\/em><em>rednie <\/em><em>\u015b<\/em><em>cie<\/em><em>\u017c<\/em><em>ki dotarcia do artyst<\/em><em>\u00f3<\/em><em>w przez maile, portale spo<\/em><em>\u0142<\/em><em>eczno<\/em><em>\u015b<\/em><em>ciowe, opracowujemy program wydarze<\/em><em>\u0144<\/em> <em>towarzysz<\/em><em>\u0105<\/em><em>cych, paneli dyskusyjnych, w<\/em><em>\u0142<\/em><em>asny kana<\/em><em>\u0142<\/em> <em>wideo, zapewniamy bez prowizyjne, b<\/em><em>\u0142<\/em><em>yskawiczne i bezpieczne transakcje zakupowe <\/em>&#8211; wyja\u015bnia producentka.<\/p>\n<p><em>W tym roku poszerzyli<\/em><em>\u015b<\/em><em>my wsp<\/em><em>\u00f3\u0142<\/em><em>prac<\/em><em>\u0119<\/em> <em>z Akademi<\/em><em>\u0105<\/em> <em>Sztuk Pi<\/em><em>\u0119<\/em><em>knych w Krakowie, kt<\/em><em>\u00f3<\/em><em>ra do<\/em><em>\u0142\u0105<\/em><em>czy<\/em><em>\u0142<\/em><em>a do grona organizator<\/em><em>\u00f3<\/em><em>w &#8211;<\/em> podkre\u015bla Alicja Panasiewicz prezes Fundacji Wydzia\u0142u Sztuki, organizatora targ\u00f3w. &#8211; <em>Mamy wsp<\/em><em>\u00f3<\/em><em>lny cel, jest nim promocja Artyst<\/em><em>\u00f3<\/em><em>w. Zapraszamy wszystkich zainteresowanych nawi<\/em><em>\u0105<\/em><em>zaniem wsp<\/em><em>\u00f3\u0142<\/em><em>pracy z m<\/em><em>\u0142<\/em><em>odymi artystami i projektantami, w tym wydawc<\/em><em>\u00f3<\/em><em>w, architekt<\/em><em>\u00f3<\/em><em>w, przedstawicieli biznesu oraz bran<\/em><em>\u017c<\/em> <em>kreatywnych <\/em>\u2013 zapowiada Alicja Panasiewicz. N<em>a targach b<\/em><em>\u0119<\/em><em>dzie mo<\/em><em>\u017c<\/em><em>na kupi<\/em><em>\u0107<\/em> <em>sygnowane, oryginalne prace w okazyjnych cenach. Jury selekcyjne czuwa nad szerokim wyborem plakat<\/em><em>\u00f3<\/em><em>w,<\/em><em> grafiki<\/em><em>, litografii, malarstwa ale nie zabraknie te<\/em><em>\u017c<\/em> <em>fotografii, rze<\/em><em>\u017a<\/em><em>by, ilustracji i ksi<\/em><em>\u0105\u017c<\/em><em>ek <\/em>\u2013 wylicza Alicja Panasiewicz.<\/p>\n<p>Przez ca\u0142y weekend (28.11-29.11) b\u0119dzie mo\u017cna pozna\u0107 wyj\u0105tkowych artyst\u00f3w, nawi\u0105za\u0107 wsp\u00f3\u0142prac\u0119 i naby\u0107 oryginaln\u0105 \u201eN\u00f3wk\u0119 Sztuk\u0119\u201d do swojej kolekcji. Ale tak\u017ce wzi\u0105\u0107 udzia\u0142 w ciekawych rozmowach i panelach, przyjrze\u0107 si\u0119 z bliska pracowniom artyst\u00f3w, porozmawia\u0107 o promocji w sieci, dlaczego warto inwestowa\u0107 w sztuk\u0119 oraz o rozpocz\u0119ciu w\u0142asnej przygody z kolekcjonowaniem.<\/p>\n<p><strong>Do 13 listopada trwa nab\u00f3r wystawc\u00f3w. Formularz zg\u0142oszeniowy mo\u017cna znale\u017a\u0107<\/strong> na stronie internetowej \u2013 <a href=\"http:\/\/nowkasztuka.com\">nowkasztuka.com<\/a> oraz w wydarzeniu na facebooku N\u00f3wki Sztuki<\/p>\n<p>\u2013 <em>Instagramowe has<\/em><em>\u0142<\/em><em>o #kupujmy sztuk<\/em><em>\u0119<\/em><em>, to nasza akcja spo<\/em><em>\u0142<\/em><em>eczno<\/em><em>\u015b<\/em><em>ciowa, nasza misja <\/em>\u2013 podkre\u015bla Alicja Panasiewicz . &#8211; <em>Co roku w Krakowie pojawia si\u0119 rzesza absolwent\u00f3w uczelni artystycznych. Ich talent to potencja\u0142 dla miasta i niesamowita okazja do kupienia prac od zdolnych debiutant\u00f3w w przyst\u0119pnych cenach. <\/em><\/p>\n<p>Nie targach nie zabraknie te\u017c <strong>profesjonalnych tw\u00f3rc\u00f3w<\/strong>, kt\u00f3rzy zaprezentuj\u0105 swoje prace \u2013 <em>Bardzo cenimy sobie udzia\u0142 do\u015bwiadczonych artyst\u00f3w. Stanowi\u0105\u00a0 przyk\u0142ad dla pocz\u0105tkuj\u0105cych tw\u00f3rc\u00f3w oraz co dla nas szczeg\u00f3lnie istotne, przyci\u0105gaj\u0105 kolekcjoner\u00f3w <\/em>\u00a0\u2013 podkre\u015bla Alicja Panasiewicz.<\/p>\n<p>Targi N\u00f3wka Sztuka odbywaj\u0105 si\u0119 w ramach projektu \u201eSztuka do rzeczy \u2013 design w Krakowie\u201d.<\/p>\n<p>&nbsp;<\/p>\n<p>Formularz zg\u0142oszeniowy: www.nowkasztuka.com<\/p>\n<p>Kontakt: info@nowkasztuka.com<\/p>\n<p>&nbsp;<\/p>\n<p>&nbsp;<\/p>\n<p><img loading=\"lazy\" decoding=\"async\" class=\"alignnone size-medium wp-image-834\" src=\"http:\/\/fundacjaws.up.krakow.pl\/wp-content\/uploads\/2020\/10\/DORZECZY_2-212x300.jpg\" alt=\"\" width=\"212\" height=\"300\" srcset=\"https:\/\/fundacja.nowkasztuka.com\/wp-content\/uploads\/2020\/10\/DORZECZY_2-212x300.jpg 212w, https:\/\/fundacja.nowkasztuka.com\/wp-content\/uploads\/2020\/10\/DORZECZY_2.jpg 420w\" sizes=\"(max-width: 212px) 100vw, 212px\" \/><\/p>\n<p>&nbsp;<\/p>\n<p>Organizatorzy:<\/p>\n<p>Fundacja Wydzia\u0142u Sztuki Uniwersytetu Pedagogicznego<\/p>\n<p>Akademia Sztuk Pi\u0119knych im. Jana Matejki w Krakowie<\/p>\n<p>Uniwersytet Pedagogiczny im. Komisji Edukacji Narodowej w Krakowie<\/p>\n<p>&nbsp;<\/p>\n<p>Produkcja:<\/p>\n<p>One Productions<\/p>\n<p>Partnerzy:<\/p>\n<p>Dydo Poster Gallery, F.A.I.T. Rzeczy Same, Mill Studio<\/p>\n<p>&nbsp;<\/p>\n<p><img loading=\"lazy\" decoding=\"async\" class=\"alignnone size-medium wp-image-839\" src=\"http:\/\/fundacjaws.up.krakow.pl\/wp-content\/uploads\/2020\/10\/wspolpraca-300x192.png\" alt=\"\" width=\"300\" height=\"192\" srcset=\"https:\/\/fundacja.nowkasztuka.com\/wp-content\/uploads\/2020\/10\/wspolpraca-300x192.png 300w, https:\/\/fundacja.nowkasztuka.com\/wp-content\/uploads\/2020\/10\/wspolpraca-768x491.png 768w, https:\/\/fundacja.nowkasztuka.com\/wp-content\/uploads\/2020\/10\/wspolpraca-750x479.png 750w, https:\/\/fundacja.nowkasztuka.com\/wp-content\/uploads\/2020\/10\/wspolpraca.png 773w\" sizes=\"(max-width: 300px) 100vw, 300px\" \/><\/p>\n<p>Projekt zrealizowano przy udziale finansowym Gminy Miejskiej Krak\u00f3w w ramach wydarzenia \u201eSztuka do rzeczy \u2013 design w Krakowie\u201d<\/p>\n<p><img loading=\"lazy\" decoding=\"async\" class=\"alignnone size-medium wp-image-329\" src=\"http:\/\/fundacjaws.up.krakow.pl\/wp-content\/uploads\/2018\/12\/SztukaDoRzeczy_poziom_logo-300x99.jpg\" alt=\"\" width=\"300\" height=\"99\" \/><\/p>\n","protected":false},"excerpt":{"rendered":"<p>N\u00f3wka Sztuka czyli krakowskie Targi Artyst\u00f3w i Designer\u00f3w ONLINE! Kupujmy sztuk\u0119 bez wychodzenia z domu.\u00a0 W ostatni weekend listopada, odb\u0119dzie si\u0119 trzecia ju\u017c edycja krakowskich targ\u00f3w N\u00d3WKA SZTUKA, wyj\u0105tkowego wydarzenia promuj\u0105cego Artyst\u00f3w oraz przybli\u017caj\u0105cego ich tw\u00f3rczo\u015b\u0107 szerszej publiczno\u015bci \u2013 Tym razem w wyj\u0105tkowej ods\u0142onie. Impreza w ca\u0142o\u015bci odb\u0119dzie si\u0119 ONLINE\u2013 zapowiadaj\u0105 organizatorzy. ONLINE? To znaczy&hellip;<a href=\"https:\/\/fundacja.nowkasztuka.com\/index.php\/2020\/10\/20\/nowka-sztuka-2020\/\" class=\"more-link\">Continue reading <span class=\"screen-reader-text\">N\u00f3wka Sztuka 2020 online!<\/span><\/a><\/p>\n","protected":false},"author":2,"featured_media":0,"comment_status":"closed","ping_status":"open","sticky":false,"template":"","format":"standard","meta":{"footnotes":""},"categories":[1],"tags":[],"_links":{"self":[{"href":"https:\/\/fundacja.nowkasztuka.com\/index.php\/wp-json\/wp\/v2\/posts\/822"}],"collection":[{"href":"https:\/\/fundacja.nowkasztuka.com\/index.php\/wp-json\/wp\/v2\/posts"}],"about":[{"href":"https:\/\/fundacja.nowkasztuka.com\/index.php\/wp-json\/wp\/v2\/types\/post"}],"author":[{"embeddable":true,"href":"https:\/\/fundacja.nowkasztuka.com\/index.php\/wp-json\/wp\/v2\/users\/2"}],"replies":[{"embeddable":true,"href":"https:\/\/fundacja.nowkasztuka.com\/index.php\/wp-json\/wp\/v2\/comments?post=822"}],"version-history":[{"count":4,"href":"https:\/\/fundacja.nowkasztuka.com\/index.php\/wp-json\/wp\/v2\/posts\/822\/revisions"}],"predecessor-version":[{"id":866,"href":"https:\/\/fundacja.nowkasztuka.com\/index.php\/wp-json\/wp\/v2\/posts\/822\/revisions\/866"}],"wp:attachment":[{"href":"https:\/\/fundacja.nowkasztuka.com\/index.php\/wp-json\/wp\/v2\/media?parent=822"}],"wp:term":[{"taxonomy":"category","embeddable":true,"href":"https:\/\/fundacja.nowkasztuka.com\/index.php\/wp-json\/wp\/v2\/categories?post=822"},{"taxonomy":"post_tag","embeddable":true,"href":"https:\/\/fundacja.nowkasztuka.com\/index.php\/wp-json\/wp\/v2\/tags?post=822"}],"curies":[{"name":"wp","href":"https:\/\/api.w.org\/{rel}","templated":true}]}}