{"id":815,"date":"2020-10-20T09:40:38","date_gmt":"2020-10-20T07:40:38","guid":{"rendered":"http:\/\/fundacjaws.up.krakow.pl\/?p=815"},"modified":"2020-10-20T09:43:03","modified_gmt":"2020-10-20T07:43:03","slug":"kultura-w-sieci-festiwal-cyfrowy-digitalne-archiwa-malopolski","status":"publish","type":"post","link":"https:\/\/fundacja.nowkasztuka.com\/index.php\/2020\/10\/20\/kultura-w-sieci-festiwal-cyfrowy-digitalne-archiwa-malopolski\/","title":{"rendered":"Kultura w sieci: Festiwal cyfrowy &#8211; Digitalne archiwa ma\u0142opolski"},"content":{"rendered":"<p><img loading=\"lazy\" decoding=\"async\" class=\"alignnone size-medium wp-image-819\" src=\"http:\/\/fundacjaws.up.krakow.pl\/wp-content\/uploads\/2020\/10\/obraz_2020-10-20_094721-300x171.png\" alt=\"\" width=\"300\" height=\"171\" srcset=\"https:\/\/fundacja.nowkasztuka.com\/wp-content\/uploads\/2020\/10\/obraz_2020-10-20_094721-300x171.png 300w, https:\/\/fundacja.nowkasztuka.com\/wp-content\/uploads\/2020\/10\/obraz_2020-10-20_094721.png 401w\" sizes=\"(max-width: 300px) 100vw, 300px\" \/><\/p>\n<p>W ramach programu Prezydenta Miasta Krakowa <em>Kultura w sieci<\/em> zorganizowana zostanie interaktywna, wirtualna galeria, gdzie b\u0119d\u0105 si\u0119 odbywa\u0107 wydarzenia artystyczne oraz popularnonaukowe:<\/p>\n<p><a href=\"https:\/\/instytutxr.tk\/festiwal-digitalne-archiwa\/\">https:\/\/instytutxr.tk\/festiwal-digitalne-archiwa\/<\/a><\/p>\n","protected":false},"excerpt":{"rendered":"<p>W ramach programu Prezydenta Miasta Krakowa Kultura w sieci zorganizowana zostanie interaktywna, wirtualna galeria, gdzie b\u0119d\u0105 si\u0119 odbywa\u0107 wydarzenia artystyczne oraz popularnonaukowe: https:\/\/instytutxr.tk\/festiwal-digitalne-archiwa\/<\/p>\n","protected":false},"author":2,"featured_media":0,"comment_status":"closed","ping_status":"open","sticky":false,"template":"","format":"standard","meta":{"footnotes":""},"categories":[1],"tags":[],"_links":{"self":[{"href":"https:\/\/fundacja.nowkasztuka.com\/index.php\/wp-json\/wp\/v2\/posts\/815"}],"collection":[{"href":"https:\/\/fundacja.nowkasztuka.com\/index.php\/wp-json\/wp\/v2\/posts"}],"about":[{"href":"https:\/\/fundacja.nowkasztuka.com\/index.php\/wp-json\/wp\/v2\/types\/post"}],"author":[{"embeddable":true,"href":"https:\/\/fundacja.nowkasztuka.com\/index.php\/wp-json\/wp\/v2\/users\/2"}],"replies":[{"embeddable":true,"href":"https:\/\/fundacja.nowkasztuka.com\/index.php\/wp-json\/wp\/v2\/comments?post=815"}],"version-history":[{"count":4,"href":"https:\/\/fundacja.nowkasztuka.com\/index.php\/wp-json\/wp\/v2\/posts\/815\/revisions"}],"predecessor-version":[{"id":821,"href":"https:\/\/fundacja.nowkasztuka.com\/index.php\/wp-json\/wp\/v2\/posts\/815\/revisions\/821"}],"wp:attachment":[{"href":"https:\/\/fundacja.nowkasztuka.com\/index.php\/wp-json\/wp\/v2\/media?parent=815"}],"wp:term":[{"taxonomy":"category","embeddable":true,"href":"https:\/\/fundacja.nowkasztuka.com\/index.php\/wp-json\/wp\/v2\/categories?post=815"},{"taxonomy":"post_tag","embeddable":true,"href":"https:\/\/fundacja.nowkasztuka.com\/index.php\/wp-json\/wp\/v2\/tags?post=815"}],"curies":[{"name":"wp","href":"https:\/\/api.w.org\/{rel}","templated":true}]}}