{"id":708,"date":"2019-12-23T21:13:17","date_gmt":"2019-12-23T20:13:17","guid":{"rendered":"http:\/\/fundacjaws.up.krakow.pl\/?p=708"},"modified":"2019-12-23T21:13:17","modified_gmt":"2019-12-23T20:13:17","slug":"fotorelacja-z-targow-artystow-i-dizajnerow","status":"publish","type":"post","link":"https:\/\/fundacja.nowkasztuka.com\/index.php\/2019\/12\/23\/fotorelacja-z-targow-artystow-i-dizajnerow\/","title":{"rendered":"fotorelacja z targ\u00f3w artyst\u00f3w i dizajner\u00f3w"},"content":{"rendered":"<p>Zdj\u0119cia wykona\u0142a fotoreporterzy z grupy Small Press Photo:<\/p>\n<p>Ma\u0142gorzata Szostak<br \/>\nEdyta Sasin<br \/>\nArtur R\u00f3g<br \/>\nAngelika Mizia<br \/>\nJulia Piestrzy\u0144ska<br \/>\nJauhenija Repiha<br \/>\nKamila Makarewicz<br \/>\nMilena Malecha<br \/>\nKlaudia Lis<br \/>\nKatarzyna Klebert<br \/>\nJulia \u017bymu\u0142a<br \/>\nPolina Mostyka<br \/>\nJulia Manderla<\/p>\n","protected":false},"excerpt":{"rendered":"<p>Zdj\u0119cia wykona\u0142a fotoreporterzy z grupy Small Press Photo: Ma\u0142gorzata Szostak Edyta Sasin Artur R\u00f3g Angelika Mizia Julia Piestrzy\u0144ska Jauhenija Repiha Kamila Makarewicz Milena Malecha Klaudia Lis Katarzyna Klebert Julia \u017bymu\u0142a Polina Mostyka Julia Manderla<\/p>\n","protected":false},"author":2,"featured_media":0,"comment_status":"closed","ping_status":"open","sticky":false,"template":"","format":"standard","meta":{"footnotes":""},"categories":[1],"tags":[],"_links":{"self":[{"href":"https:\/\/fundacja.nowkasztuka.com\/index.php\/wp-json\/wp\/v2\/posts\/708"}],"collection":[{"href":"https:\/\/fundacja.nowkasztuka.com\/index.php\/wp-json\/wp\/v2\/posts"}],"about":[{"href":"https:\/\/fundacja.nowkasztuka.com\/index.php\/wp-json\/wp\/v2\/types\/post"}],"author":[{"embeddable":true,"href":"https:\/\/fundacja.nowkasztuka.com\/index.php\/wp-json\/wp\/v2\/users\/2"}],"replies":[{"embeddable":true,"href":"https:\/\/fundacja.nowkasztuka.com\/index.php\/wp-json\/wp\/v2\/comments?post=708"}],"version-history":[{"count":1,"href":"https:\/\/fundacja.nowkasztuka.com\/index.php\/wp-json\/wp\/v2\/posts\/708\/revisions"}],"predecessor-version":[{"id":737,"href":"https:\/\/fundacja.nowkasztuka.com\/index.php\/wp-json\/wp\/v2\/posts\/708\/revisions\/737"}],"wp:attachment":[{"href":"https:\/\/fundacja.nowkasztuka.com\/index.php\/wp-json\/wp\/v2\/media?parent=708"}],"wp:term":[{"taxonomy":"category","embeddable":true,"href":"https:\/\/fundacja.nowkasztuka.com\/index.php\/wp-json\/wp\/v2\/categories?post=708"},{"taxonomy":"post_tag","embeddable":true,"href":"https:\/\/fundacja.nowkasztuka.com\/index.php\/wp-json\/wp\/v2\/tags?post=708"}],"curies":[{"name":"wp","href":"https:\/\/api.w.org\/{rel}","templated":true}]}}