{"id":586,"date":"2019-10-28T20:34:10","date_gmt":"2019-10-28T19:34:10","guid":{"rendered":"http:\/\/fundacjaws.up.krakow.pl\/?p=586"},"modified":"2019-10-28T20:35:01","modified_gmt":"2019-10-28T19:35:01","slug":"targi-sztuki-nowka-sztuka","status":"publish","type":"post","link":"https:\/\/fundacja.nowkasztuka.com\/index.php\/2019\/10\/28\/targi-sztuki-nowka-sztuka\/","title":{"rendered":"Targi sztuki N\u00f3wka Sztuka"},"content":{"rendered":"<p><strong>druga edycja targ\u00f3w plakatu, grafiki, fotografii, ilustracji, ksi\u0105\u017cki, rze\u017aby, malarstwa oraz dizajnu i sztuki u\u017cytkowej<\/strong><\/p>\n<p>31 listopada-1 grudnia 2019 r.<\/p>\n<p>Galeria Sztuki Wsp\u00f3\u0142czesnej Bunkier Sztuki<\/p>\n<p>Forum Designu (by\u0142y Hotel Cracovia)<\/p>\n<p>&nbsp;<\/p>\n<p>Wydarzenie jest skierowane do tw\u00f3rc\u00f3w, koneser\u00f3w sztuki i designu, mi\u0142o\u015bnik\u00f3w oryginalnych dzie\u0142 i poszukiwaczy nowych talent\u00f3w.<\/p>\n<p>Celem jest u\u0142atwienie artystom nawi\u0105zania kontakt\u00f3w oraz wsp\u00f3\u0142pracy z odbiorcami ich tw\u00f3rczo\u015bci oraz sprzeda\u017c w\u0142asnych, oryginalnych dzie\u0142 i projekt\u00f3w; zach\u0119cenie spo\u0142eczno\u015bci Krakowa do kupowania unikatowych i pi\u0119knych prac.<\/p>\n<p>Wsp\u00f3\u0142organizator: Forum Designu<\/p>\n<p>Partnerzy: Akademia Sztuk Pi\u0119knych w Krakowie, Wydzia\u0142 Sztuki UP, Galeria Bunkier Sztuki, Dydo Poster Gallery<\/p>\n","protected":false},"excerpt":{"rendered":"<p>druga edycja targ\u00f3w plakatu, grafiki, fotografii, ilustracji, ksi\u0105\u017cki, rze\u017aby, malarstwa oraz dizajnu i sztuki u\u017cytkowej 31 listopada-1 grudnia 2019 r. Galeria Sztuki Wsp\u00f3\u0142czesnej Bunkier Sztuki Forum Designu (by\u0142y Hotel Cracovia) &nbsp; Wydarzenie jest skierowane do tw\u00f3rc\u00f3w, koneser\u00f3w sztuki i designu, mi\u0142o\u015bnik\u00f3w oryginalnych dzie\u0142 i poszukiwaczy nowych talent\u00f3w. Celem jest u\u0142atwienie artystom nawi\u0105zania kontakt\u00f3w oraz wsp\u00f3\u0142pracy&hellip;<a href=\"https:\/\/fundacja.nowkasztuka.com\/index.php\/2019\/10\/28\/targi-sztuki-nowka-sztuka\/\" class=\"more-link\">Continue reading <span class=\"screen-reader-text\">Targi sztuki N\u00f3wka Sztuka<\/span><\/a><\/p>\n","protected":false},"author":2,"featured_media":587,"comment_status":"closed","ping_status":"open","sticky":false,"template":"","format":"standard","meta":{"footnotes":""},"categories":[1],"tags":[],"_links":{"self":[{"href":"https:\/\/fundacja.nowkasztuka.com\/index.php\/wp-json\/wp\/v2\/posts\/586"}],"collection":[{"href":"https:\/\/fundacja.nowkasztuka.com\/index.php\/wp-json\/wp\/v2\/posts"}],"about":[{"href":"https:\/\/fundacja.nowkasztuka.com\/index.php\/wp-json\/wp\/v2\/types\/post"}],"author":[{"embeddable":true,"href":"https:\/\/fundacja.nowkasztuka.com\/index.php\/wp-json\/wp\/v2\/users\/2"}],"replies":[{"embeddable":true,"href":"https:\/\/fundacja.nowkasztuka.com\/index.php\/wp-json\/wp\/v2\/comments?post=586"}],"version-history":[{"count":2,"href":"https:\/\/fundacja.nowkasztuka.com\/index.php\/wp-json\/wp\/v2\/posts\/586\/revisions"}],"predecessor-version":[{"id":589,"href":"https:\/\/fundacja.nowkasztuka.com\/index.php\/wp-json\/wp\/v2\/posts\/586\/revisions\/589"}],"wp:featuredmedia":[{"embeddable":true,"href":"https:\/\/fundacja.nowkasztuka.com\/index.php\/wp-json\/wp\/v2\/media\/587"}],"wp:attachment":[{"href":"https:\/\/fundacja.nowkasztuka.com\/index.php\/wp-json\/wp\/v2\/media?parent=586"}],"wp:term":[{"taxonomy":"category","embeddable":true,"href":"https:\/\/fundacja.nowkasztuka.com\/index.php\/wp-json\/wp\/v2\/categories?post=586"},{"taxonomy":"post_tag","embeddable":true,"href":"https:\/\/fundacja.nowkasztuka.com\/index.php\/wp-json\/wp\/v2\/tags?post=586"}],"curies":[{"name":"wp","href":"https:\/\/api.w.org\/{rel}","templated":true}]}}