{"id":576,"date":"2019-04-28T19:40:48","date_gmt":"2019-04-28T17:40:48","guid":{"rendered":"http:\/\/fundacjaws.up.krakow.pl\/?p=576"},"modified":"2019-04-28T19:40:48","modified_gmt":"2019-04-28T17:40:48","slug":"dzielnica-kazimierz-cyfrowy-krajobraz-miejsca","status":"publish","type":"post","link":"https:\/\/fundacja.nowkasztuka.com\/index.php\/2019\/04\/28\/dzielnica-kazimierz-cyfrowy-krajobraz-miejsca\/","title":{"rendered":"Dzielnica Kazimierz. Cyfrowy krajobraz miejsca"},"content":{"rendered":"<p>Dotacja Ministerstwa Kultury i Dziedzictwa Narodowego w ramach programu Kultura Cyfrowa 2019 r.<\/p>\n<p>Fundacja Wydzia\u0142u Sztuki zrealizuje w 2019 r. zadanie polegaj\u0105ce na stworzeniu i nieodp\u0142atnym udost\u0119pnieniu dwuj\u0119zycznej strony www \/ platformy cyfrowej stworzonej w oparciu o archiwa wizualne, dokumentacj\u0119 fotograficzn\u0105 z zasob\u00f3w muze\u00f3w, archiw\u00f3w, zbior\u00f3w prywatnych.<\/p>\n<p>Celem jest zbadanie, zrozumienie i zarchiwizowanie materialnego dziedzictwa dzielnicy Kazimierz w Krakowie a szczeg\u00f3lnie jej aspektu wizualnego. Uchwycenie i zachowanie zanikaj\u0105cego na skutek przemian dawnego, tradycyjnego wizualnego dziedzictwa kulturowego w kontek\u015bcie wsp\u00f3\u0142czesno\u015bci (ostatnie 30 lat, tj. 1988-2018).<\/p>\n<p>Platforma cyfrowa umo\u017cliwi gromadzenie i udost\u0119pnianie dokumentacji oraz informacji dotycz\u0105cej ro\u017cnych przejaw\u00f3w (wizualnego) dziedzictwa kulturowego, oparte o opracowane standardy umo\u017cliwiaj\u0105ce korzystanie z niego nie tylko mieszka\u0144com dzielnicy. B\u0119dzie miejscem wymiany informacji naukowej pomi\u0119dzy instytucjami naukowo-badawczymi z r\u00f3\u017cnych kraj\u00f3w; b\u0119dzie pe\u0142ni\u0107 tak\u017ce rol\u0119 \u201eprzewodnika\u201d rozwi\u0105za\u0144 projektowych dla cel\u00f3w ochrony zabytk\u00f3w, projektant\u00f3w i biznesu.<\/p>\n","protected":false},"excerpt":{"rendered":"<p>Dotacja Ministerstwa Kultury i Dziedzictwa Narodowego w ramach programu Kultura Cyfrowa 2019 r. Fundacja Wydzia\u0142u Sztuki zrealizuje w 2019 r. zadanie polegaj\u0105ce na stworzeniu i nieodp\u0142atnym udost\u0119pnieniu dwuj\u0119zycznej strony www \/ platformy cyfrowej stworzonej w oparciu o archiwa wizualne, dokumentacj\u0119 fotograficzn\u0105 z zasob\u00f3w muze\u00f3w, archiw\u00f3w, zbior\u00f3w prywatnych. Celem jest zbadanie, zrozumienie i zarchiwizowanie materialnego dziedzictwa&hellip;<a href=\"https:\/\/fundacja.nowkasztuka.com\/index.php\/2019\/04\/28\/dzielnica-kazimierz-cyfrowy-krajobraz-miejsca\/\" class=\"more-link\">Continue reading <span class=\"screen-reader-text\">Dzielnica Kazimierz. Cyfrowy krajobraz miejsca<\/span><\/a><\/p>\n","protected":false},"author":2,"featured_media":0,"comment_status":"closed","ping_status":"open","sticky":false,"template":"","format":"standard","meta":{"footnotes":""},"categories":[1],"tags":[],"_links":{"self":[{"href":"https:\/\/fundacja.nowkasztuka.com\/index.php\/wp-json\/wp\/v2\/posts\/576"}],"collection":[{"href":"https:\/\/fundacja.nowkasztuka.com\/index.php\/wp-json\/wp\/v2\/posts"}],"about":[{"href":"https:\/\/fundacja.nowkasztuka.com\/index.php\/wp-json\/wp\/v2\/types\/post"}],"author":[{"embeddable":true,"href":"https:\/\/fundacja.nowkasztuka.com\/index.php\/wp-json\/wp\/v2\/users\/2"}],"replies":[{"embeddable":true,"href":"https:\/\/fundacja.nowkasztuka.com\/index.php\/wp-json\/wp\/v2\/comments?post=576"}],"version-history":[{"count":2,"href":"https:\/\/fundacja.nowkasztuka.com\/index.php\/wp-json\/wp\/v2\/posts\/576\/revisions"}],"predecessor-version":[{"id":578,"href":"https:\/\/fundacja.nowkasztuka.com\/index.php\/wp-json\/wp\/v2\/posts\/576\/revisions\/578"}],"wp:attachment":[{"href":"https:\/\/fundacja.nowkasztuka.com\/index.php\/wp-json\/wp\/v2\/media?parent=576"}],"wp:term":[{"taxonomy":"category","embeddable":true,"href":"https:\/\/fundacja.nowkasztuka.com\/index.php\/wp-json\/wp\/v2\/categories?post=576"},{"taxonomy":"post_tag","embeddable":true,"href":"https:\/\/fundacja.nowkasztuka.com\/index.php\/wp-json\/wp\/v2\/tags?post=576"}],"curies":[{"name":"wp","href":"https:\/\/api.w.org\/{rel}","templated":true}]}}