{"id":542,"date":"2018-12-27T21:34:27","date_gmt":"2018-12-27T20:34:27","guid":{"rendered":"http:\/\/fundacjaws.up.krakow.pl\/?p=542"},"modified":"2018-12-27T21:34:27","modified_gmt":"2018-12-27T20:34:27","slug":"targi-nowka-sztuka-informacje-w-mediach","status":"publish","type":"post","link":"https:\/\/fundacja.nowkasztuka.com\/index.php\/2018\/12\/27\/targi-nowka-sztuka-informacje-w-mediach\/","title":{"rendered":"Targi N\u00f3wka Sztuka &#8211; informacje w mediach"},"content":{"rendered":"<p>wywiad w TVP Krak\u00f3w &#8211; Go\u015b\u0107 dnia:\u00a0\u00a0<a href=\"https:\/\/krakow.tvp.pl\/36752033\/gosc-dnia\" target=\"_blank\" rel=\"nofollow noopener\" shape=\"rect\" data-saferedirecturl=\"https:\/\/www.google.com\/url?q=https:\/\/krakow.tvp.pl\/36752033\/gosc-dnia&amp;source=gmail&amp;ust=1546028902326000&amp;usg=AFQjCNG1zY4hBAkvoHdaBVuOYbjeUDo2tA\">https:\/\/krakow.tvp.pl\/<wbr \/>36752033\/gosc-dnia<\/a><\/p>\n<p><a href=\"https:\/\/livingroom24.pl\/artykul\/design\/forum-designu-zaprasza-do-wyjatkowego-projektu\">https:\/\/livingroom24.pl\/artykul\/design\/forum-designu-zaprasza-do-wyjatkowego-projektu<\/a><\/p>\n<p><a href=\"http:\/\/www.blog.prostewnetrze.pl\/krakowska-jesien-designu-czyli-nowka-sztuka\/\">http:\/\/www.blog.prostewnetrze.pl\/krakowska-jesien-designu-czyli-nowka-sztuka\/<\/a><\/p>\n<p>&nbsp;<\/p>\n<blockquote class=\"wp-embedded-content\" data-secret=\"qCELxFqhoK\"><p><a href=\"https:\/\/magazine.ownetic.com\/pl\/trzeba-sie-przyzwyczajac-do-tego-ze-sztuka-uzytkowa-i-sztuki-piekne-to-bedzie-jedno-design\/\">Trzeba si\u0119 przyzwyczaja\u0107 do tego, \u017ce sztuka u\u017cytkowa i sztuki pi\u0119kne to b\u0119dzie jedno \u2013 design<\/a><\/p><\/blockquote>\n<p><iframe class=\"wp-embedded-content\" sandbox=\"allow-scripts\" security=\"restricted\" style=\"position: absolute; clip: rect(1px, 1px, 1px, 1px);\" src=\"https:\/\/magazine.ownetic.com\/pl\/trzeba-sie-przyzwyczajac-do-tego-ze-sztuka-uzytkowa-i-sztuki-piekne-to-bedzie-jedno-design\/embed\/#?secret=qCELxFqhoK\" data-secret=\"qCELxFqhoK\" width=\"600\" height=\"338\" title=\"&#8222;Trzeba si\u0119 przyzwyczaja\u0107 do tego, \u017ce sztuka u\u017cytkowa i sztuki pi\u0119kne to b\u0119dzie jedno \u2013 design&#8221; &#8212; Ownetic Magazine\" frameborder=\"0\" marginwidth=\"0\" marginheight=\"0\" scrolling=\"no\"><\/iframe><\/p>\n","protected":false},"excerpt":{"rendered":"<p>wywiad w TVP Krak\u00f3w &#8211; Go\u015b\u0107 dnia:\u00a0\u00a0https:\/\/krakow.tvp.pl\/36752033\/gosc-dnia https:\/\/livingroom24.pl\/artykul\/design\/forum-designu-zaprasza-do-wyjatkowego-projektu http:\/\/www.blog.prostewnetrze.pl\/krakowska-jesien-designu-czyli-nowka-sztuka\/ &nbsp; Trzeba si\u0119 przyzwyczaja\u0107 do tego, \u017ce sztuka u\u017cytkowa i sztuki pi\u0119kne to b\u0119dzie jedno \u2013 design<\/p>\n","protected":false},"author":2,"featured_media":0,"comment_status":"closed","ping_status":"open","sticky":false,"template":"","format":"standard","meta":{"footnotes":""},"categories":[1],"tags":[],"_links":{"self":[{"href":"https:\/\/fundacja.nowkasztuka.com\/index.php\/wp-json\/wp\/v2\/posts\/542"}],"collection":[{"href":"https:\/\/fundacja.nowkasztuka.com\/index.php\/wp-json\/wp\/v2\/posts"}],"about":[{"href":"https:\/\/fundacja.nowkasztuka.com\/index.php\/wp-json\/wp\/v2\/types\/post"}],"author":[{"embeddable":true,"href":"https:\/\/fundacja.nowkasztuka.com\/index.php\/wp-json\/wp\/v2\/users\/2"}],"replies":[{"embeddable":true,"href":"https:\/\/fundacja.nowkasztuka.com\/index.php\/wp-json\/wp\/v2\/comments?post=542"}],"version-history":[{"count":2,"href":"https:\/\/fundacja.nowkasztuka.com\/index.php\/wp-json\/wp\/v2\/posts\/542\/revisions"}],"predecessor-version":[{"id":544,"href":"https:\/\/fundacja.nowkasztuka.com\/index.php\/wp-json\/wp\/v2\/posts\/542\/revisions\/544"}],"wp:attachment":[{"href":"https:\/\/fundacja.nowkasztuka.com\/index.php\/wp-json\/wp\/v2\/media?parent=542"}],"wp:term":[{"taxonomy":"category","embeddable":true,"href":"https:\/\/fundacja.nowkasztuka.com\/index.php\/wp-json\/wp\/v2\/categories?post=542"},{"taxonomy":"post_tag","embeddable":true,"href":"https:\/\/fundacja.nowkasztuka.com\/index.php\/wp-json\/wp\/v2\/tags?post=542"}],"curies":[{"name":"wp","href":"https:\/\/api.w.org\/{rel}","templated":true}]}}