{"id":52,"date":"2016-06-21T12:03:23","date_gmt":"2016-06-21T10:03:23","guid":{"rendered":"http:\/\/fundacjaws.up.krakow.pl\/?p=52"},"modified":"2018-01-16T11:09:06","modified_gmt":"2018-01-16T10:09:06","slug":"52","status":"publish","type":"post","link":"https:\/\/fundacja.nowkasztuka.com\/index.php\/2016\/06\/21\/52\/","title":{"rendered":"TANGENTS"},"content":{"rendered":"<p><strong><em>TANGENTS<\/em><\/strong><\/p>\n<p><strong>Identity | Tradition | Place Territory &#8230;<\/strong><\/p>\n<p>Project accompanying the 26<sup>th<\/sup> Jewish Culture Festival<\/p>\n<p>Faculty of Art Pedagogical University of Krakow<\/p>\n<p><strong><em>25.06 \u2013 3.07.2016 | 11 am \u2013 6 pm<\/em><\/strong><\/p>\n<p>Ul. Podbrzezie 3, Krak\u00f3w<\/p>\n<p><strong>June 25<sup>th<\/sup><\/strong>, 10-11 pm, Opening of the exhibition<\/p>\n<p>Video projection of Piotr Filipiuk, 10 pm<\/p>\n<p>Pedagogical University of Cracow, ul. Podbrzezie 3<\/p>\n<p><strong>June 26<sup>th<\/sup><\/strong>, 11 am &#8211; 17 pm, workshop for children<\/p>\n<p><strong>The Exhibition is open for visitors until July 3th, 11.00-18.00<\/strong><\/p>\n<p><strong>Interdisciplinary art project carried out by tutors and students of the Faculty of Arts at the Pedagogical University in Krakow and Hamidrasha Faculty of Arts at Beit Berl College in Tel Awiw.<\/strong><\/p>\n<p><strong>The TANGENTS project has been inspired and refers to the history of the former School of Crafts in the Kazimierz district, which was located at the present seat of the Faculty of Arts at No. 3, Podbrzezie Street and the seat of Beit Berl College, which was used as a school for agriculture.<\/strong><\/p>\n<p><strong>The history of the school was obliterated by the events of the Second World War \u2013 the liquidation of the institution by the Nazis and the systematic erasing of the memory of the Jewish history of that place. The commonly unknown historical baggage of the facility is the inspiration for artistic exploration of the subjects of memory and its paradoxes. <\/strong><\/p>\n<p>&nbsp;<\/p>\n<p><strong>Participants:<\/strong><\/p>\n<p>Michael Adler, Maya Almog, Aysha e Arar, Priel Azar, Bar Baranes, Nahir Baranovitz Schuster, Atar Barzilay, Rotem Bidas, Micha\u0142 Bratko, Aleksandra Brz\u00f3ska, Piotr Filipiuk, Efrat Galnoor, Monika N\u0119cka, Marcin Nowak, Klaudia Opoka, Polly Orosov, Adam Panasiewicz, Alicja Panasiewicz, Jagoda Pa\u017adzior-Saba, Nitsan Ravid, Krzysztof Siatka, Suha Tartir, Izabella Volovnik, Aga Zaj\u0105c, Hagar Zeevi, Jacek Z\u0142oczowski<\/p>\n<p>curators: Krzysztof Siatka, Efrat Galnoor<\/p>\n<p>Faculty of Art Foundation<\/p>\n","protected":false},"excerpt":{"rendered":"<p>TANGENTS Identity | Tradition | Place Territory &#8230; Project accompanying the 26th Jewish Culture Festival Faculty of Art Pedagogical University of Krakow 25.06 \u2013 3.07.2016 | 11 am \u2013 6 pm Ul. Podbrzezie 3, Krak\u00f3w June 25th, 10-11 pm, Opening of the exhibition Video projection of Piotr Filipiuk, 10 pm Pedagogical University of Cracow, ul.&hellip;<a href=\"https:\/\/fundacja.nowkasztuka.com\/index.php\/2016\/06\/21\/52\/\" class=\"more-link\">Continue reading <span class=\"screen-reader-text\">TANGENTS<\/span><\/a><\/p>\n","protected":false},"author":2,"featured_media":120,"comment_status":"closed","ping_status":"open","sticky":false,"template":"","format":"standard","meta":{"footnotes":""},"categories":[1],"tags":[],"_links":{"self":[{"href":"https:\/\/fundacja.nowkasztuka.com\/index.php\/wp-json\/wp\/v2\/posts\/52"}],"collection":[{"href":"https:\/\/fundacja.nowkasztuka.com\/index.php\/wp-json\/wp\/v2\/posts"}],"about":[{"href":"https:\/\/fundacja.nowkasztuka.com\/index.php\/wp-json\/wp\/v2\/types\/post"}],"author":[{"embeddable":true,"href":"https:\/\/fundacja.nowkasztuka.com\/index.php\/wp-json\/wp\/v2\/users\/2"}],"replies":[{"embeddable":true,"href":"https:\/\/fundacja.nowkasztuka.com\/index.php\/wp-json\/wp\/v2\/comments?post=52"}],"version-history":[{"count":5,"href":"https:\/\/fundacja.nowkasztuka.com\/index.php\/wp-json\/wp\/v2\/posts\/52\/revisions"}],"predecessor-version":[{"id":80,"href":"https:\/\/fundacja.nowkasztuka.com\/index.php\/wp-json\/wp\/v2\/posts\/52\/revisions\/80"}],"wp:featuredmedia":[{"embeddable":true,"href":"https:\/\/fundacja.nowkasztuka.com\/index.php\/wp-json\/wp\/v2\/media\/120"}],"wp:attachment":[{"href":"https:\/\/fundacja.nowkasztuka.com\/index.php\/wp-json\/wp\/v2\/media?parent=52"}],"wp:term":[{"taxonomy":"category","embeddable":true,"href":"https:\/\/fundacja.nowkasztuka.com\/index.php\/wp-json\/wp\/v2\/categories?post=52"},{"taxonomy":"post_tag","embeddable":true,"href":"https:\/\/fundacja.nowkasztuka.com\/index.php\/wp-json\/wp\/v2\/tags?post=52"}],"curies":[{"name":"wp","href":"https:\/\/api.w.org\/{rel}","templated":true}]}}