{"id":376,"date":"2018-12-08T23:24:57","date_gmt":"2018-12-08T22:24:57","guid":{"rendered":"http:\/\/fundacjaws.up.krakow.pl\/?p=376"},"modified":"2018-12-27T21:08:15","modified_gmt":"2018-12-27T20:08:15","slug":"laureatki-nagrody-ufundowanej-przez-prezydenta-miasta-krakowa","status":"publish","type":"post","link":"https:\/\/fundacja.nowkasztuka.com\/index.php\/2018\/12\/08\/laureatki-nagrody-ufundowanej-przez-prezydenta-miasta-krakowa\/","title":{"rendered":"laureatki nagrody ufundowanej przez Prezydenta Miasta Krakowa"},"content":{"rendered":"<p><strong>Nagroda ufundowana przez Prezydenta Miasta Krakowa<\/strong>\u00a0 w wysoko\u015bci 10 000 z\u0142<\/p>\n<p>wspieraj\u0105ca karier\u0119 artystyczn\u0105<\/p>\n<p>zosta\u0142a przyznana przez Jury konkursowe w sk\u0142adzie:<\/p>\n<ol>\n<li>Dina de Bia\u0142ynia Woycikiewicz &#8211; Forum Designu<\/li>\n<li>Natalia Dydo &#8211; Dydo Poster Gallery<\/li>\n<li>Karolina Harazim-Mazur &#8211;\u00a0Fundacja Lablab i Fundacja TA<\/li>\n<li>Renata Kalarus &#8211; Metaforma<\/li>\n<li>Gawe\u0142 Kownacki &#8211; Fundacja F.A.I.T. i Salon Sztuki<\/li>\n<li>Roman Krzysztofik &#8211; p.o. Dyrektor Galerii\u00a0Sztuki Wsp\u00f3\u0142czesnej\u00a0Bunkier Sztuki<\/li>\n<li>Katarzyna Olesiak &#8211; Dyrektor Wydzia\u0142 Kultury i Dziedzictwa Narodowego Miasta Krakowa<\/li>\n<li>Alicja Panasiewicz &#8211; Dziekan Wydzia\u0142u Sztuki Uniwersytetu Pedagogicznego<\/li>\n<li>Kuba Sowi\u0144ski &#8211; Wydzia\u0142 Grafiki Akademii Sztuk Pi\u0119knych w Krakowie<\/li>\n<\/ol>\n<p><strong>GRUPIE BRZUCH<\/strong><\/p>\n<p>kt\u00f3r\u0105 tworz\u0105 trzy artystki: Anna Kubik, Betina Bo\u017cek, Weronika Stencel.<\/p>\n<p>Uzasadnienie Jury Konkursowego: <em>Po d\u0142ugiej dyskusji, wi\u0119kszo\u015bci\u0105 g\u0142os\u00f3w jury zdecydowa\u0142o przyzna\u0107 nagrod\u0119 Grupie Brzuch, czyli trzem debiutuj\u0105cym artystkom tworz\u0105cym eksperymentalne wydawnictwa wizualne \u0142\u0105cz\u0105ce tekst, ilustracj\u0119 i animacj\u0119.<\/em><\/p>\n<p><em>Nie wybierali\u015bmy, po prostu, najlepszego naszym zdaniem artysty, lecz przygl\u0105dali\u015bmy si\u0119 nades\u0142anym pracom i opisom w\u0142asnej tw\u00f3rczo\u015bci w kontek\u015bcie deklarowanego przez uczestnik\u00f3w targ\u00f3w celu, na kt\u00f3ry zostanie przeznaczona nagroda.<\/em><\/p>\n<p><em>Powo\u0142ana w zesz\u0142ym roku grupa artystyczna Brzuch, przekona\u0142a nas poziomem dotychczasowych realizacji eksponuj\u0105cych surrealizm, absurdalny humor i rado\u015b\u0107 tworzenia. R\u00f3wnie wa\u017cnie okaza\u0142y si\u0119 jasno zdeklarowane plany wydawnicze oraz wystawiennicze. Chcieli\u015bmy tak\u017ce u\u0142atwi\u0107 artystkom uczestnictwo w konkursach i targach wydawniczych na \u015bwiecie.<\/em><\/p>\n<p><em>Grupa Brzuch planuje dalej tworzy\u0107 ksi\u0105\u017cki kieruj\u0105c si\u0119 nieograniczon\u0105 wyobra\u017ani\u0105 wykorzystuj\u0105c hologramy, instalacje, opraw\u0119 muzyczn\u0105 i efekty d\u017awi\u0119kowe.<\/em><\/p>\n<p><b>A oto pomys\u0142 Grupy na rozw\u00f3j w\u0142asnej kariery artystycznej:\u00a0<\/b><br \/>\n<span class=\"il\">Grupa<\/span>\u00a0<span class=\"il\">Brzuch<\/span>\u00a0pragnie si\u0119 rozwija\u0107 poprzez indywidualne wystawy i uczestnictwo w mi\u0119dzynarodowych targach ksi\u0105\u017cek artystycznych.<br \/>\nZale\u017cy nam na tym, \u017ceby dotrze\u0107 do doros\u0142ego odbiorcy, dla kt\u00f3rego aktualnie nie ma na rynku wydawniczym w Polsce wyrazistych ksi\u0105\u017cek z ilustracjami oraz tre\u015bci eksperymentalnych. W przysz\u0142ym roku marzy nam si\u0119 uczestnictwo w Zinefest w Berlinie. Uwa\u017camy, \u017ce opr\u00f3cz wystawiania w\u0142asnych prac jest to okazja do zapoznania si\u0119 z innymi \u015brodowiskami artystycznymi i rozpocz\u0119cia z nimi dialogu. Udzia\u0142 w ka\u017cdych targach, zw\u0142aszcza w tych za granic\u0105 generuje wysokie koszty. Za ka\u017cdym razem potrzebujemy op\u0142aci\u0107 miejsce sprzeda\u017cowe, stoisko sprzeda\u017cowe, wydruki prac i dojazd. P\u00f3ki co, za wszystko p\u0142acimy z w\u0142asnych \u015brodk\u00f3w. Chcia\u0142yby\u015bmy dalej tworzy\u0107 ksi\u0105\u017cki, kieruj\u0105c si\u0119 nieograniczon\u0105 wyobra\u017ani\u0105, a tak\u017ce mie\u0107 przestrze\u0144 dyskusji na temat naszych prac.<br \/>\nMamy pomys\u0142 na kolejn\u0105 wystaw\u0119 indywidualn\u0105 naszych ksi\u0105\u017cek, z wielkimi hologramami, instalacjami, opraw\u0105 muzyczn\u0105 i efektami \u015bwietlnymi. Planujemy pokaza\u0107 animacje poklatkow\u0105 na obiektach przestrzennych. Taki projekt jest wysokobud\u017cetowy i wymagaj\u0105cy du\u017cego nak\u0142adu pracy. Nasza poprzednia wystawa pt &#8222;Galaktyka Utyka&#8221; (kt\u00f3ra trwa do 31.12.2018 r. w Katowicach, przy ul. Francuskiej 12) podnios\u0142a nam poprzeczk\u0119, a nasza ambicja nie pozwala nam zrobi\u0107 nic mniej spektakularnego.<\/p>\n<p>Gratulujemy!<\/p>\n<style type=\"text\/css\">\r\n\t#foogallery-gallery-457 .fg-image {\r\n        width: 150px;\r\n    }\r\n<\/style>\r\n\t\t\t\t<div class=\"foogallery foogallery-container foogallery-default foogallery-lightbox-none fg-gutter-10 fg-center fg-default fg-light fg-border-thin fg-shadow-outline fg-loading-default fg-loaded-fade-in fg-caption-hover fg-hover-fade fg-hover-zoom fg-ready\" id=\"foogallery-gallery-457\" data-foogallery=\"{&quot;item&quot;:{&quot;showCaptionTitle&quot;:true,&quot;showCaptionDescription&quot;:true},&quot;lazy&quot;:true}\" >\r\n\t<div class=\"fg-item fg-type-image fg-idle\"><figure class=\"fg-item-inner\"><a href=\"https:\/\/fundacja.nowkasztuka.com\/wp-content\/uploads\/2018\/12\/N\u00d3WKASZTUKA_Rozdanie_Nagr\u00f3d_Madalena_Wallis_14_ma\u0142e.jpg\" data-attachment-id=\"456\" data-type=\"image\" class=\"fg-thumb\"><span class=\"fg-image-wrap\"><img decoding=\"async\" width=\"150\" height=\"150\" class=\"skip-lazy fg-image\" data-src-fg=\"https:\/\/fundacja.nowkasztuka.com\/wp-content\/uploads\/2018\/12\/N\u00d3WKASZTUKA_Rozdanie_Nagr\u00f3d_Madalena_Wallis_14_ma\u0142e.jpg\" src=\"data:image\/svg+xml,%3Csvg%20xmlns%3D%22http%3A%2F%2Fwww.w3.org%2F2000%2Fsvg%22%20width%3D%22150%22%20height%3D%22150%22%20viewBox%3D%220%200%20150%20150%22%3E%3C%2Fsvg%3E\" loading=\"eager\"><\/span><span class=\"fg-image-overlay\"><\/span><\/a><figcaption class=\"fg-caption\"><div class=\"fg-caption-inner\"><\/div><\/figcaption><\/figure><div class=\"fg-loader\"><\/div><\/div><div class=\"fg-item fg-type-image fg-idle\"><figure class=\"fg-item-inner\"><a href=\"https:\/\/fundacja.nowkasztuka.com\/wp-content\/uploads\/2018\/12\/N\u00d3WKASZTUKA_Rozdanie_Nagr\u00f3d_Madalena_Wallis_13_ma\u0142e.jpg\" data-attachment-id=\"455\" data-type=\"image\" class=\"fg-thumb\"><span class=\"fg-image-wrap\"><img decoding=\"async\" width=\"150\" height=\"150\" class=\"skip-lazy fg-image\" data-src-fg=\"https:\/\/fundacja.nowkasztuka.com\/wp-content\/uploads\/2018\/12\/N\u00d3WKASZTUKA_Rozdanie_Nagr\u00f3d_Madalena_Wallis_13_ma\u0142e.jpg\" src=\"data:image\/svg+xml,%3Csvg%20xmlns%3D%22http%3A%2F%2Fwww.w3.org%2F2000%2Fsvg%22%20width%3D%22150%22%20height%3D%22150%22%20viewBox%3D%220%200%20150%20150%22%3E%3C%2Fsvg%3E\" loading=\"eager\"><\/span><span class=\"fg-image-overlay\"><\/span><\/a><figcaption class=\"fg-caption\"><div class=\"fg-caption-inner\"><\/div><\/figcaption><\/figure><div class=\"fg-loader\"><\/div><\/div><div class=\"fg-item fg-type-image fg-idle\"><figure class=\"fg-item-inner\"><a href=\"https:\/\/fundacja.nowkasztuka.com\/wp-content\/uploads\/2018\/12\/N\u00d3WKASZTUKA_Rozdanie_Nagr\u00f3d_Madalena_Wallis_12_ma\u0142e.jpg\" data-attachment-id=\"454\" data-type=\"image\" class=\"fg-thumb\"><span class=\"fg-image-wrap\"><img decoding=\"async\" width=\"150\" height=\"150\" class=\"skip-lazy fg-image\" data-src-fg=\"https:\/\/fundacja.nowkasztuka.com\/wp-content\/uploads\/2018\/12\/N\u00d3WKASZTUKA_Rozdanie_Nagr\u00f3d_Madalena_Wallis_12_ma\u0142e.jpg\" src=\"data:image\/svg+xml,%3Csvg%20xmlns%3D%22http%3A%2F%2Fwww.w3.org%2F2000%2Fsvg%22%20width%3D%22150%22%20height%3D%22150%22%20viewBox%3D%220%200%20150%20150%22%3E%3C%2Fsvg%3E\" loading=\"eager\"><\/span><span class=\"fg-image-overlay\"><\/span><\/a><figcaption class=\"fg-caption\"><div class=\"fg-caption-inner\"><\/div><\/figcaption><\/figure><div class=\"fg-loader\"><\/div><\/div><div class=\"fg-item fg-type-image fg-idle\"><figure class=\"fg-item-inner\"><a href=\"https:\/\/fundacja.nowkasztuka.com\/wp-content\/uploads\/2018\/12\/N\u00d3WKASZTUKA_Rozdanie_Nagr\u00f3d_Madalena_Wallis_11_ma\u0142e.jpg\" data-attachment-id=\"453\" data-type=\"image\" class=\"fg-thumb\"><span class=\"fg-image-wrap\"><img decoding=\"async\" width=\"150\" height=\"150\" class=\"skip-lazy fg-image\" data-src-fg=\"https:\/\/fundacja.nowkasztuka.com\/wp-content\/uploads\/2018\/12\/N\u00d3WKASZTUKA_Rozdanie_Nagr\u00f3d_Madalena_Wallis_11_ma\u0142e.jpg\" src=\"data:image\/svg+xml,%3Csvg%20xmlns%3D%22http%3A%2F%2Fwww.w3.org%2F2000%2Fsvg%22%20width%3D%22150%22%20height%3D%22150%22%20viewBox%3D%220%200%20150%20150%22%3E%3C%2Fsvg%3E\" loading=\"eager\"><\/span><span class=\"fg-image-overlay\"><\/span><\/a><figcaption class=\"fg-caption\"><div class=\"fg-caption-inner\"><\/div><\/figcaption><\/figure><div class=\"fg-loader\"><\/div><\/div><div class=\"fg-item fg-type-image fg-idle\"><figure class=\"fg-item-inner\"><a href=\"https:\/\/fundacja.nowkasztuka.com\/wp-content\/uploads\/2018\/12\/N\u00d3WKASZTUKA_Rozdanie_Nagr\u00f3d_Madalena_Wallis_10_ma\u0142e.jpg\" data-attachment-id=\"452\" data-type=\"image\" class=\"fg-thumb\"><span class=\"fg-image-wrap\"><img decoding=\"async\" width=\"150\" height=\"150\" class=\"skip-lazy fg-image\" data-src-fg=\"https:\/\/fundacja.nowkasztuka.com\/wp-content\/uploads\/2018\/12\/N\u00d3WKASZTUKA_Rozdanie_Nagr\u00f3d_Madalena_Wallis_10_ma\u0142e.jpg\" src=\"data:image\/svg+xml,%3Csvg%20xmlns%3D%22http%3A%2F%2Fwww.w3.org%2F2000%2Fsvg%22%20width%3D%22150%22%20height%3D%22150%22%20viewBox%3D%220%200%20150%20150%22%3E%3C%2Fsvg%3E\" loading=\"eager\"><\/span><span class=\"fg-image-overlay\"><\/span><\/a><figcaption class=\"fg-caption\"><div class=\"fg-caption-inner\"><\/div><\/figcaption><\/figure><div class=\"fg-loader\"><\/div><\/div><div class=\"fg-item fg-type-image fg-idle\"><figure class=\"fg-item-inner\"><a href=\"https:\/\/fundacja.nowkasztuka.com\/wp-content\/uploads\/2018\/12\/N\u00d3WKASZTUKA_Rozdanie_Nagr\u00f3d_Madalena_Wallis_9_ma\u0142e.jpg\" data-attachment-id=\"451\" data-type=\"image\" class=\"fg-thumb\"><span class=\"fg-image-wrap\"><img decoding=\"async\" width=\"150\" height=\"150\" class=\"skip-lazy fg-image\" data-src-fg=\"https:\/\/fundacja.nowkasztuka.com\/wp-content\/uploads\/2018\/12\/N\u00d3WKASZTUKA_Rozdanie_Nagr\u00f3d_Madalena_Wallis_9_ma\u0142e.jpg\" src=\"data:image\/svg+xml,%3Csvg%20xmlns%3D%22http%3A%2F%2Fwww.w3.org%2F2000%2Fsvg%22%20width%3D%22150%22%20height%3D%22150%22%20viewBox%3D%220%200%20150%20150%22%3E%3C%2Fsvg%3E\" loading=\"eager\"><\/span><span class=\"fg-image-overlay\"><\/span><\/a><figcaption class=\"fg-caption\"><div class=\"fg-caption-inner\"><\/div><\/figcaption><\/figure><div class=\"fg-loader\"><\/div><\/div><div class=\"fg-item fg-type-image fg-idle\"><figure class=\"fg-item-inner\"><a href=\"https:\/\/fundacja.nowkasztuka.com\/wp-content\/uploads\/2018\/12\/N\u00d3WKASZTUKA_Rozdanie_Nagr\u00f3d_Madalena_Wallis_8_ma\u0142e.jpg\" data-attachment-id=\"450\" data-type=\"image\" class=\"fg-thumb\"><span class=\"fg-image-wrap\"><img decoding=\"async\" width=\"150\" height=\"150\" class=\"skip-lazy fg-image\" data-src-fg=\"https:\/\/fundacja.nowkasztuka.com\/wp-content\/uploads\/2018\/12\/N\u00d3WKASZTUKA_Rozdanie_Nagr\u00f3d_Madalena_Wallis_8_ma\u0142e.jpg\" src=\"data:image\/svg+xml,%3Csvg%20xmlns%3D%22http%3A%2F%2Fwww.w3.org%2F2000%2Fsvg%22%20width%3D%22150%22%20height%3D%22150%22%20viewBox%3D%220%200%20150%20150%22%3E%3C%2Fsvg%3E\" loading=\"eager\"><\/span><span class=\"fg-image-overlay\"><\/span><\/a><figcaption class=\"fg-caption\"><div class=\"fg-caption-inner\"><\/div><\/figcaption><\/figure><div class=\"fg-loader\"><\/div><\/div><div class=\"fg-item fg-type-image fg-idle\"><figure class=\"fg-item-inner\"><a href=\"https:\/\/fundacja.nowkasztuka.com\/wp-content\/uploads\/2018\/12\/N\u00d3WKASZTUKA_Rozdanie_Nagr\u00f3d_Madalena_Wallis_7_ma\u0142e.jpg\" data-attachment-id=\"449\" data-type=\"image\" class=\"fg-thumb\"><span class=\"fg-image-wrap\"><img decoding=\"async\" width=\"150\" height=\"150\" class=\"skip-lazy fg-image\" data-src-fg=\"https:\/\/fundacja.nowkasztuka.com\/wp-content\/uploads\/2018\/12\/N\u00d3WKASZTUKA_Rozdanie_Nagr\u00f3d_Madalena_Wallis_7_ma\u0142e.jpg\" src=\"data:image\/svg+xml,%3Csvg%20xmlns%3D%22http%3A%2F%2Fwww.w3.org%2F2000%2Fsvg%22%20width%3D%22150%22%20height%3D%22150%22%20viewBox%3D%220%200%20150%20150%22%3E%3C%2Fsvg%3E\" loading=\"eager\"><\/span><span class=\"fg-image-overlay\"><\/span><\/a><figcaption class=\"fg-caption\"><div class=\"fg-caption-inner\"><\/div><\/figcaption><\/figure><div class=\"fg-loader\"><\/div><\/div><div class=\"fg-item fg-type-image fg-idle\"><figure class=\"fg-item-inner\"><a href=\"https:\/\/fundacja.nowkasztuka.com\/wp-content\/uploads\/2018\/12\/N\u00d3WKASZTUKA_Rozdanie_Nagr\u00f3d_Madalena_Wallis_5_ma\u0142e.jpg\" data-attachment-id=\"448\" data-type=\"image\" class=\"fg-thumb\"><span class=\"fg-image-wrap\"><img decoding=\"async\" width=\"150\" height=\"150\" class=\"skip-lazy fg-image\" data-src-fg=\"https:\/\/fundacja.nowkasztuka.com\/wp-content\/uploads\/2018\/12\/N\u00d3WKASZTUKA_Rozdanie_Nagr\u00f3d_Madalena_Wallis_5_ma\u0142e.jpg\" src=\"data:image\/svg+xml,%3Csvg%20xmlns%3D%22http%3A%2F%2Fwww.w3.org%2F2000%2Fsvg%22%20width%3D%22150%22%20height%3D%22150%22%20viewBox%3D%220%200%20150%20150%22%3E%3C%2Fsvg%3E\" loading=\"eager\"><\/span><span class=\"fg-image-overlay\"><\/span><\/a><figcaption class=\"fg-caption\"><div class=\"fg-caption-inner\"><\/div><\/figcaption><\/figure><div class=\"fg-loader\"><\/div><\/div><div class=\"fg-item fg-type-image fg-idle\"><figure class=\"fg-item-inner\"><a href=\"https:\/\/fundacja.nowkasztuka.com\/wp-content\/uploads\/2018\/12\/N\u00d3WKASZTUKA_Rozdanie_Nagr\u00f3d_Madalena_Wallis_4_ma\u0142e.jpg\" data-attachment-id=\"447\" data-type=\"image\" class=\"fg-thumb\"><span class=\"fg-image-wrap\"><img decoding=\"async\" width=\"150\" height=\"150\" class=\"skip-lazy fg-image\" data-src-fg=\"https:\/\/fundacja.nowkasztuka.com\/wp-content\/uploads\/2018\/12\/N\u00d3WKASZTUKA_Rozdanie_Nagr\u00f3d_Madalena_Wallis_4_ma\u0142e.jpg\" src=\"data:image\/svg+xml,%3Csvg%20xmlns%3D%22http%3A%2F%2Fwww.w3.org%2F2000%2Fsvg%22%20width%3D%22150%22%20height%3D%22150%22%20viewBox%3D%220%200%20150%20150%22%3E%3C%2Fsvg%3E\" loading=\"eager\"><\/span><span class=\"fg-image-overlay\"><\/span><\/a><figcaption class=\"fg-caption\"><div class=\"fg-caption-inner\"><\/div><\/figcaption><\/figure><div class=\"fg-loader\"><\/div><\/div><div class=\"fg-item fg-type-image fg-idle\"><figure class=\"fg-item-inner\"><a href=\"https:\/\/fundacja.nowkasztuka.com\/wp-content\/uploads\/2018\/12\/N\u00d3WKASZTUKA_Rozdanie_Nagr\u00f3d_Madalena_Wallis_3_ma\u0142e.jpg\" data-attachment-id=\"446\" data-type=\"image\" class=\"fg-thumb\"><span class=\"fg-image-wrap\"><img decoding=\"async\" width=\"150\" height=\"150\" class=\"skip-lazy fg-image\" data-src-fg=\"https:\/\/fundacja.nowkasztuka.com\/wp-content\/uploads\/2018\/12\/N\u00d3WKASZTUKA_Rozdanie_Nagr\u00f3d_Madalena_Wallis_3_ma\u0142e.jpg\" src=\"data:image\/svg+xml,%3Csvg%20xmlns%3D%22http%3A%2F%2Fwww.w3.org%2F2000%2Fsvg%22%20width%3D%22150%22%20height%3D%22150%22%20viewBox%3D%220%200%20150%20150%22%3E%3C%2Fsvg%3E\" loading=\"eager\"><\/span><span class=\"fg-image-overlay\"><\/span><\/a><figcaption class=\"fg-caption\"><div class=\"fg-caption-inner\"><\/div><\/figcaption><\/figure><div class=\"fg-loader\"><\/div><\/div><div class=\"fg-item fg-type-image fg-idle\"><figure class=\"fg-item-inner\"><a href=\"https:\/\/fundacja.nowkasztuka.com\/wp-content\/uploads\/2018\/12\/N\u00d3WKASZTUKA_Rozdanie_Nagr\u00f3d_Madalena_Wallis_2_ma\u0142e.jpg\" data-attachment-id=\"445\" data-type=\"image\" class=\"fg-thumb\"><span class=\"fg-image-wrap\"><img decoding=\"async\" width=\"150\" height=\"150\" class=\"skip-lazy fg-image\" data-src-fg=\"https:\/\/fundacja.nowkasztuka.com\/wp-content\/uploads\/2018\/12\/N\u00d3WKASZTUKA_Rozdanie_Nagr\u00f3d_Madalena_Wallis_2_ma\u0142e.jpg\" src=\"data:image\/svg+xml,%3Csvg%20xmlns%3D%22http%3A%2F%2Fwww.w3.org%2F2000%2Fsvg%22%20width%3D%22150%22%20height%3D%22150%22%20viewBox%3D%220%200%20150%20150%22%3E%3C%2Fsvg%3E\" loading=\"eager\"><\/span><span class=\"fg-image-overlay\"><\/span><\/a><figcaption class=\"fg-caption\"><div class=\"fg-caption-inner\"><\/div><\/figcaption><\/figure><div class=\"fg-loader\"><\/div><\/div><div class=\"fg-item fg-type-image fg-idle\"><figure class=\"fg-item-inner\"><a href=\"https:\/\/fundacja.nowkasztuka.com\/wp-content\/uploads\/2018\/12\/N\u00d3WKASZTUKA_Rozdanie_Nagr\u00f3d_Madalena_Wallis_1_ma\u0142e.jpg\" data-attachment-id=\"444\" data-type=\"image\" class=\"fg-thumb\"><span class=\"fg-image-wrap\"><img decoding=\"async\" width=\"150\" height=\"150\" class=\"skip-lazy fg-image\" data-src-fg=\"https:\/\/fundacja.nowkasztuka.com\/wp-content\/uploads\/2018\/12\/N\u00d3WKASZTUKA_Rozdanie_Nagr\u00f3d_Madalena_Wallis_1_ma\u0142e.jpg\" src=\"data:image\/svg+xml,%3Csvg%20xmlns%3D%22http%3A%2F%2Fwww.w3.org%2F2000%2Fsvg%22%20width%3D%22150%22%20height%3D%22150%22%20viewBox%3D%220%200%20150%20150%22%3E%3C%2Fsvg%3E\" loading=\"eager\"><\/span><span class=\"fg-image-overlay\"><\/span><\/a><figcaption class=\"fg-caption\"><div class=\"fg-caption-inner\"><\/div><\/figcaption><\/figure><div class=\"fg-loader\"><\/div><\/div><\/div>\r\n\n","protected":false},"excerpt":{"rendered":"<p>Nagroda ufundowana przez Prezydenta Miasta Krakowa\u00a0 w wysoko\u015bci 10 000 z\u0142 wspieraj\u0105ca karier\u0119 artystyczn\u0105 zosta\u0142a przyznana przez Jury konkursowe w sk\u0142adzie: Dina de Bia\u0142ynia Woycikiewicz &#8211; Forum Designu Natalia Dydo &#8211; Dydo Poster Gallery Karolina Harazim-Mazur &#8211;\u00a0Fundacja Lablab i Fundacja TA Renata Kalarus &#8211; Metaforma Gawe\u0142 Kownacki &#8211; Fundacja F.A.I.T. i Salon Sztuki Roman Krzysztofik&hellip;<a href=\"https:\/\/fundacja.nowkasztuka.com\/index.php\/2018\/12\/08\/laureatki-nagrody-ufundowanej-przez-prezydenta-miasta-krakowa\/\" class=\"more-link\">Continue reading <span class=\"screen-reader-text\">laureatki nagrody ufundowanej przez Prezydenta Miasta Krakowa<\/span><\/a><\/p>\n","protected":false},"author":2,"featured_media":447,"comment_status":"closed","ping_status":"open","sticky":false,"template":"","format":"standard","meta":{"footnotes":""},"categories":[1],"tags":[],"_links":{"self":[{"href":"https:\/\/fundacja.nowkasztuka.com\/index.php\/wp-json\/wp\/v2\/posts\/376"}],"collection":[{"href":"https:\/\/fundacja.nowkasztuka.com\/index.php\/wp-json\/wp\/v2\/posts"}],"about":[{"href":"https:\/\/fundacja.nowkasztuka.com\/index.php\/wp-json\/wp\/v2\/types\/post"}],"author":[{"embeddable":true,"href":"https:\/\/fundacja.nowkasztuka.com\/index.php\/wp-json\/wp\/v2\/users\/2"}],"replies":[{"embeddable":true,"href":"https:\/\/fundacja.nowkasztuka.com\/index.php\/wp-json\/wp\/v2\/comments?post=376"}],"version-history":[{"count":2,"href":"https:\/\/fundacja.nowkasztuka.com\/index.php\/wp-json\/wp\/v2\/posts\/376\/revisions"}],"predecessor-version":[{"id":459,"href":"https:\/\/fundacja.nowkasztuka.com\/index.php\/wp-json\/wp\/v2\/posts\/376\/revisions\/459"}],"wp:featuredmedia":[{"embeddable":true,"href":"https:\/\/fundacja.nowkasztuka.com\/index.php\/wp-json\/wp\/v2\/media\/447"}],"wp:attachment":[{"href":"https:\/\/fundacja.nowkasztuka.com\/index.php\/wp-json\/wp\/v2\/media?parent=376"}],"wp:term":[{"taxonomy":"category","embeddable":true,"href":"https:\/\/fundacja.nowkasztuka.com\/index.php\/wp-json\/wp\/v2\/categories?post=376"},{"taxonomy":"post_tag","embeddable":true,"href":"https:\/\/fundacja.nowkasztuka.com\/index.php\/wp-json\/wp\/v2\/tags?post=376"}],"curies":[{"name":"wp","href":"https:\/\/api.w.org\/{rel}","templated":true}]}}