{"id":340,"date":"2018-12-08T22:58:54","date_gmt":"2018-12-08T21:58:54","guid":{"rendered":"http:\/\/fundacjaws.up.krakow.pl\/?p=340"},"modified":"2018-12-08T22:58:54","modified_gmt":"2018-12-08T21:58:54","slug":"strefa-debiutow-forum-designu","status":"publish","type":"post","link":"https:\/\/fundacja.nowkasztuka.com\/index.php\/2018\/12\/08\/strefa-debiutow-forum-designu\/","title":{"rendered":"Strefa Debiut\u00f3w &#8211; Forum Designu"},"content":{"rendered":"<p>29 listopada 2018 Forum Designu w dawnym Hotelu Cracovia otwarto wystaw\u0119 Strefy Debiut\u00f3w &#8211; nowatorsk\u0105 propozycj\u0119 skierowan\u0105 do m\u0142odych Tw\u00f3rc\u00f3w chc\u0105cych promowa\u0107 swoje projekty i nawi\u0105za\u0107 sta\u0142\u0105 wsp\u00f3\u0142prac\u0119 z polskimi producentami. Strefa Debiut\u00f3w po\u0142\u0105czy w sobie trzy podstawowe zadania: promocj\u0119 projektant\u00f3w \u2013 sta\u0142\u0105\u00a0ekspozycj\u0119 &#8211; sprzeda\u017c projekt\u00f3w.\u00a0\u00a0<img loading=\"lazy\" decoding=\"async\" class=\"alignnone size-medium wp-image-349\" src=\"http:\/\/fundacjaws.up.krakow.pl\/wp-content\/uploads\/2018\/12\/strefa-181x300.jpg\" alt=\"\" width=\"181\" height=\"300\" srcset=\"https:\/\/fundacja.nowkasztuka.com\/wp-content\/uploads\/2018\/12\/strefa-181x300.jpg 181w, https:\/\/fundacja.nowkasztuka.com\/wp-content\/uploads\/2018\/12\/strefa.jpg 600w\" sizes=\"(max-width: 181px) 100vw, 181px\" \/><\/p>\n","protected":false},"excerpt":{"rendered":"<p>29 listopada 2018 Forum Designu w dawnym Hotelu Cracovia otwarto wystaw\u0119 Strefy Debiut\u00f3w &#8211; nowatorsk\u0105 propozycj\u0119 skierowan\u0105 do m\u0142odych Tw\u00f3rc\u00f3w chc\u0105cych promowa\u0107 swoje projekty i nawi\u0105za\u0107 sta\u0142\u0105 wsp\u00f3\u0142prac\u0119 z polskimi producentami. Strefa Debiut\u00f3w po\u0142\u0105czy w sobie trzy podstawowe zadania: promocj\u0119 projektant\u00f3w \u2013 sta\u0142\u0105\u00a0ekspozycj\u0119 &#8211; sprzeda\u017c projekt\u00f3w.\u00a0\u00a0<\/p>\n","protected":false},"author":2,"featured_media":0,"comment_status":"closed","ping_status":"open","sticky":false,"template":"","format":"standard","meta":{"footnotes":""},"categories":[1],"tags":[],"_links":{"self":[{"href":"https:\/\/fundacja.nowkasztuka.com\/index.php\/wp-json\/wp\/v2\/posts\/340"}],"collection":[{"href":"https:\/\/fundacja.nowkasztuka.com\/index.php\/wp-json\/wp\/v2\/posts"}],"about":[{"href":"https:\/\/fundacja.nowkasztuka.com\/index.php\/wp-json\/wp\/v2\/types\/post"}],"author":[{"embeddable":true,"href":"https:\/\/fundacja.nowkasztuka.com\/index.php\/wp-json\/wp\/v2\/users\/2"}],"replies":[{"embeddable":true,"href":"https:\/\/fundacja.nowkasztuka.com\/index.php\/wp-json\/wp\/v2\/comments?post=340"}],"version-history":[{"count":2,"href":"https:\/\/fundacja.nowkasztuka.com\/index.php\/wp-json\/wp\/v2\/posts\/340\/revisions"}],"predecessor-version":[{"id":353,"href":"https:\/\/fundacja.nowkasztuka.com\/index.php\/wp-json\/wp\/v2\/posts\/340\/revisions\/353"}],"wp:attachment":[{"href":"https:\/\/fundacja.nowkasztuka.com\/index.php\/wp-json\/wp\/v2\/media?parent=340"}],"wp:term":[{"taxonomy":"category","embeddable":true,"href":"https:\/\/fundacja.nowkasztuka.com\/index.php\/wp-json\/wp\/v2\/categories?post=340"},{"taxonomy":"post_tag","embeddable":true,"href":"https:\/\/fundacja.nowkasztuka.com\/index.php\/wp-json\/wp\/v2\/tags?post=340"}],"curies":[{"name":"wp","href":"https:\/\/api.w.org\/{rel}","templated":true}]}}