{"id":337,"date":"2018-12-08T22:51:35","date_gmt":"2018-12-08T21:51:35","guid":{"rendered":"http:\/\/fundacjaws.up.krakow.pl\/?p=337"},"modified":"2018-12-08T22:54:47","modified_gmt":"2018-12-08T21:54:47","slug":"partnerzy-medialni-targow-nowka-sztuka","status":"publish","type":"post","link":"https:\/\/fundacja.nowkasztuka.com\/index.php\/2018\/12\/08\/partnerzy-medialni-targow-nowka-sztuka\/","title":{"rendered":"partnerzy medialni targ\u00f3w N\u00f3wka Sztuka"},"content":{"rendered":"<p><img loading=\"lazy\" decoding=\"async\" class=\"alignnone size-medium wp-image-327\" src=\"http:\/\/fundacjaws.up.krakow.pl\/wp-content\/uploads\/2018\/12\/D_Nowka-Sztuka_FB_1-2.12-300x111.png\" alt=\"\" width=\"300\" height=\"111\" srcset=\"https:\/\/fundacja.nowkasztuka.com\/wp-content\/uploads\/2018\/12\/D_Nowka-Sztuka_FB_1-2.12-300x111.png 300w, https:\/\/fundacja.nowkasztuka.com\/wp-content\/uploads\/2018\/12\/D_Nowka-Sztuka_FB_1-2.12-768x284.png 768w, https:\/\/fundacja.nowkasztuka.com\/wp-content\/uploads\/2018\/12\/D_Nowka-Sztuka_FB_1-2.12-750x278.png 750w, https:\/\/fundacja.nowkasztuka.com\/wp-content\/uploads\/2018\/12\/D_Nowka-Sztuka_FB_1-2.12.png 851w\" sizes=\"(max-width: 300px) 100vw, 300px\" \/><\/p>\n<p>N\u00f3wka Sztuka.<br \/>\nTargi tw\u00f3rczo\u015bci m\u0142odych artyst\u00f3w wizualnych to pomys\u0142, kt\u00f3rego celem jest wzbudzenie zainteresowana pracami i talentem m\u0142odych tw\u00f3rc\u00f3w szeroko poj\u0119tej sztuki wizualnej.<br \/>\nZapraszamy tak\u017ce wszystkich, kt\u00f3rzy chcieliby nawi\u0105za\u0107 wsp\u00f3\u0142prac\u0119 z m\u0142odymi artystami i projektantami grafiki, w tym wydawc\u00f3w, przedstawicieli biznesu oraz bran\u017c kreatywnych.<\/p>\n<p>Co?<br \/>\nCo roku w Krakowie pojawia si\u0119 rzesza absolwent\u00f3w uczelni artystycznych i projektowych. Ich talent to potencja\u0142 naszego miasta, nie tylko w sferze kultury. Z jednej strony chcemy im stworzy\u0107 mo\u017cliwo\u015b\u0107 debiutu i skonfrontowania swojego dorobku z odbiorcami spoza ich w\u0142asnego \u015brodowiska, szko\u0142y, galerii i bran\u017cowych medi\u00f3w spo\u0142eczno\u015bciowych. Z drugiej, N\u00f3wka Sztuka to okazja aby zakupi\u0107 prace wprost od tw\u00f3rc\u00f3w, bez po\u015brednik\u00f3w.<\/p>\n<p>Gdzie?<br \/>\nG\u0142\u00f3wna cz\u0119\u015b\u0107 trzydniowych targ\u00f3w odb\u0119dzie si\u0119 w by\u0142ym hotelu Cracovia, Muzeum Narodowym. Jest to ikona krakowskiego modernizmu, przysz\u0142e muzeum designu, a obecnie miejsce Forum Designu oraz Galerii Plakatu Dydo, naszych partner\u00f3w. Dodatkowo zapraszamy w tym samym terminie do dolnej sali wystawowej Bunkra Sztuki.<\/p>\n<p>Kiedy?<br \/>\nTargi odb\u0119d\u0119 si\u0119 w okresie przed\u015bwi\u0105tecznym, na prze\u0142omie listopada i grudnia.<br \/>\n30.11.2018 \u2013 2.12.2018. godz. 10.00 \u2013 18.00<\/p>\n<p>Uprawianie sztuki to powo\u0142anie.<br \/>\nChcemy, by sta\u0142o si\u0119 r\u00f3wnie\u017c w pe\u0142ni satysfakcjonuj\u0105cym zawodem.<\/p>\n<p>Dawny hotel CRACOVIA, Bunkier Sztuki 30.11.2018 &#8211; 2.12.2018, godz. 10.00 \u2013 18.00<\/p>\n<p><img loading=\"lazy\" decoding=\"async\" class=\"alignnone size-medium wp-image-330\" src=\"http:\/\/fundacjaws.up.krakow.pl\/wp-content\/uploads\/2018\/12\/cmentarzyk-medialny-300x118.jpg\" alt=\"\" width=\"300\" height=\"118\" srcset=\"https:\/\/fundacja.nowkasztuka.com\/wp-content\/uploads\/2018\/12\/cmentarzyk-medialny-300x118.jpg 300w, https:\/\/fundacja.nowkasztuka.com\/wp-content\/uploads\/2018\/12\/cmentarzyk-medialny-768x301.jpg 768w, https:\/\/fundacja.nowkasztuka.com\/wp-content\/uploads\/2018\/12\/cmentarzyk-medialny-1024x401.jpg 1024w, https:\/\/fundacja.nowkasztuka.com\/wp-content\/uploads\/2018\/12\/cmentarzyk-medialny-750x294.jpg 750w\" sizes=\"(max-width: 300px) 100vw, 300px\" \/><\/p>\n","protected":false},"excerpt":{"rendered":"<p>N\u00f3wka Sztuka. Targi tw\u00f3rczo\u015bci m\u0142odych artyst\u00f3w wizualnych to pomys\u0142, kt\u00f3rego celem jest wzbudzenie zainteresowana pracami i talentem m\u0142odych tw\u00f3rc\u00f3w szeroko poj\u0119tej sztuki wizualnej. Zapraszamy tak\u017ce wszystkich, kt\u00f3rzy chcieliby nawi\u0105za\u0107 wsp\u00f3\u0142prac\u0119 z m\u0142odymi artystami i projektantami grafiki, w tym wydawc\u00f3w, przedstawicieli biznesu oraz bran\u017c kreatywnych. Co? Co roku w Krakowie pojawia si\u0119 rzesza absolwent\u00f3w uczelni artystycznych&hellip;<a href=\"https:\/\/fundacja.nowkasztuka.com\/index.php\/2018\/12\/08\/partnerzy-medialni-targow-nowka-sztuka\/\" class=\"more-link\">Continue reading <span class=\"screen-reader-text\">partnerzy medialni targ\u00f3w N\u00f3wka Sztuka<\/span><\/a><\/p>\n","protected":false},"author":2,"featured_media":0,"comment_status":"closed","ping_status":"open","sticky":false,"template":"","format":"standard","meta":{"footnotes":""},"categories":[1],"tags":[],"_links":{"self":[{"href":"https:\/\/fundacja.nowkasztuka.com\/index.php\/wp-json\/wp\/v2\/posts\/337"}],"collection":[{"href":"https:\/\/fundacja.nowkasztuka.com\/index.php\/wp-json\/wp\/v2\/posts"}],"about":[{"href":"https:\/\/fundacja.nowkasztuka.com\/index.php\/wp-json\/wp\/v2\/types\/post"}],"author":[{"embeddable":true,"href":"https:\/\/fundacja.nowkasztuka.com\/index.php\/wp-json\/wp\/v2\/users\/2"}],"replies":[{"embeddable":true,"href":"https:\/\/fundacja.nowkasztuka.com\/index.php\/wp-json\/wp\/v2\/comments?post=337"}],"version-history":[{"count":3,"href":"https:\/\/fundacja.nowkasztuka.com\/index.php\/wp-json\/wp\/v2\/posts\/337\/revisions"}],"predecessor-version":[{"id":343,"href":"https:\/\/fundacja.nowkasztuka.com\/index.php\/wp-json\/wp\/v2\/posts\/337\/revisions\/343"}],"wp:attachment":[{"href":"https:\/\/fundacja.nowkasztuka.com\/index.php\/wp-json\/wp\/v2\/media?parent=337"}],"wp:term":[{"taxonomy":"category","embeddable":true,"href":"https:\/\/fundacja.nowkasztuka.com\/index.php\/wp-json\/wp\/v2\/categories?post=337"},{"taxonomy":"post_tag","embeddable":true,"href":"https:\/\/fundacja.nowkasztuka.com\/index.php\/wp-json\/wp\/v2\/tags?post=337"}],"curies":[{"name":"wp","href":"https:\/\/api.w.org\/{rel}","templated":true}]}}