{"id":325,"date":"2018-12-08T22:48:21","date_gmt":"2018-12-08T21:48:21","guid":{"rendered":"http:\/\/fundacjaws.up.krakow.pl\/?p=325"},"modified":"2018-12-08T23:01:36","modified_gmt":"2018-12-08T22:01:36","slug":"325","status":"publish","type":"post","link":"https:\/\/fundacja.nowkasztuka.com\/index.php\/2018\/12\/08\/325\/","title":{"rendered":"targi artyst\u00f3w i designer\u00f3w N\u00f3wka Sztuka"},"content":{"rendered":"<p><img loading=\"lazy\" decoding=\"async\" class=\"alignnone size-medium wp-image-328\" src=\"http:\/\/fundacjaws.up.krakow.pl\/wp-content\/uploads\/2018\/12\/D_Nowka-Sztuka_OWNETIC-300x200.png\" alt=\"\" width=\"300\" height=\"200\" srcset=\"https:\/\/fundacja.nowkasztuka.com\/wp-content\/uploads\/2018\/12\/D_Nowka-Sztuka_OWNETIC-300x200.png 300w, https:\/\/fundacja.nowkasztuka.com\/wp-content\/uploads\/2018\/12\/D_Nowka-Sztuka_OWNETIC-768x513.png 768w, https:\/\/fundacja.nowkasztuka.com\/wp-content\/uploads\/2018\/12\/D_Nowka-Sztuka_OWNETIC-1024x683.png 1024w, https:\/\/fundacja.nowkasztuka.com\/wp-content\/uploads\/2018\/12\/D_Nowka-Sztuka_OWNETIC-750x501.png 750w, https:\/\/fundacja.nowkasztuka.com\/wp-content\/uploads\/2018\/12\/D_Nowka-Sztuka_OWNETIC.png 1660w\" sizes=\"(max-width: 300px) 100vw, 300px\" \/><\/p>\n<p>organizator: Fundacja Wydzia\u0142u Sztuki wraz z partnerami: Wydzia\u0142em Sztuki UP, ASP, Forum Designu, Dydo Poster Gallery, Galeria Sztuki Wsp\u00f3\u0142czesnej\u00a0 Bunkier Sztuki<img loading=\"lazy\" decoding=\"async\" class=\"alignnone size-medium wp-image-348\" src=\"http:\/\/fundacjaws.up.krakow.pl\/wp-content\/uploads\/2018\/12\/organizatorzy-300x90.jpg\" alt=\"\" width=\"300\" height=\"90\" srcset=\"https:\/\/fundacja.nowkasztuka.com\/wp-content\/uploads\/2018\/12\/organizatorzy-300x90.jpg 300w, https:\/\/fundacja.nowkasztuka.com\/wp-content\/uploads\/2018\/12\/organizatorzy-768x231.jpg 768w, https:\/\/fundacja.nowkasztuka.com\/wp-content\/uploads\/2018\/12\/organizatorzy-750x226.jpg 750w, https:\/\/fundacja.nowkasztuka.com\/wp-content\/uploads\/2018\/12\/organizatorzy.jpg 916w\" sizes=\"(max-width: 300px) 100vw, 300px\" \/><img loading=\"lazy\" decoding=\"async\" class=\"alignnone wp-image-346\" src=\"http:\/\/fundacjaws.up.krakow.pl\/wp-content\/uploads\/2018\/12\/bunkier-_sztuki_logo_2015_72_dpi-300x86-300x86.jpg\" alt=\"\" width=\"230\" height=\"66\" \/> <img loading=\"lazy\" decoding=\"async\" class=\"alignnone wp-image-344\" src=\"http:\/\/fundacjaws.up.krakow.pl\/wp-content\/uploads\/2018\/12\/dydo-poster-gallery-logo-1513425250.jpg\" alt=\"\" width=\"95\" height=\"66\" \/><\/p>\n<p>&nbsp;<\/p>\n<p>W ramach projektu <em>Sztuka do rzeczy \u2013 design w Krakowie<\/em> rozpoczyna si\u0119 pierwsza edycja targ\u00f3w m\u0142odych artyst\u00f3w i designer\u00f3w N\u00d3WKA SZTUKA. Wydarzenie skierowane do profesjonalnych tw\u00f3rc\u00f3w, koneser\u00f3w sztuki i designu, mi\u0142o\u015bnik\u00f3w oryginalnych dzie\u0142 i poszukiwaczy nowych talent\u00f3w stawia sobie za cel stworzenie przestrzeni kreatywnej wymiany mi\u0119dzy artystami oraz u\u0142atwienie im kontaktu z odbiorcami ich tw\u00f3rczo\u015bci, w tym potencjalnymi inwestorami. Od 1 do 2 grudnia odwiedzaj\u0105cy Hotel Cracovia oraz Bunkier Sztuki, b\u0119d\u0105 mieli wyj\u0105tkow\u0105 okazj\u0119 do spotkania wszystkich autor\u00f3w, rozmowy z nimi oraz zakupu ich oryginalnych prac.<\/p>\n<p>29 listopada 2018r Forum Designu w dawnym Hotelu Cracovia otworzy Stref\u0119 Debiut\u00f3w nowatorsk\u0105 propozycj\u0119 skierowan\u0105 do m\u0142odych Tw\u00f3rc\u00f3w chc\u0105cych promowa\u0107 swoje projekty i nawi\u0105za\u0107 sta\u0142\u0105 wsp\u00f3\u0142prac\u0119 z polskimi producentami. Strefa Debiut\u00f3w po\u0142\u0105czy w sobie trzy podstawowe zadania: promocj\u0119 projektant\u00f3w \u2013 sta\u0142\u0105 ekspozycj\u0119 &#8211; sprzeda\u017c projekt\u00f3w.<br \/>\nWierz\u0105c w potencja\u0142 jaki dla nas wszystkich niesie ze sob\u0105 sztuka, ch\u0119\u0107 otaczania si\u0119 pi\u0119knymi i oryginalnymi dzie\u0142ami oraz potrzeb\u0119 poznawania nowych trend\u00f3w i alternatywnych rozwi\u0105za\u0144 designerskich, pragniemy wspiera\u0107 m\u0142odych tw\u00f3rc\u00f3w w ich drodze do kariery zawodowej i u\u0142atwia\u0107 im odnalezieniu si\u0119 na rynku sztuki a odbiorcom zaproponowa\u0107 interesuj\u0105ce i wyselekcjonowane przez specjalist\u00f3w prace, kt\u00f3re b\u0119dzie mo\u017cna zakupi\u0107 i zabra\u0107 ze sob\u0105 do domu.<br \/>\nZapraszamy wszystkich, kt\u00f3rzy chcieliby nawi\u0105za\u0107 wsp\u00f3\u0142prac\u0119 z m\u0142odymi artystami i projektantami grafiki, w tym wydawc\u00f3w, architekt\u00f3w, przedstawicieli biznesu, oraz bran\u017c<br \/>\nkreatywnych.<br \/>\nW trakcie trwania wydarzenia Organizatorzy przyjrz\u0105 si\u0119 tw\u00f3rczo\u015bci zakwalifikowanych uczestnik\u00f3w i wy\u0142oni\u0105 w\u015br\u00f3d nich najciekawsz\u0105 posta\u0107. Zwyci\u0119zca otrzyma Nagrod\u0119 ufundowan\u0105 przez Prezydenta Miasta Krakowa w wysoko\u015bci 10\u00a0000 z\u0142.<\/p>\n<p>szczeg\u00f3\u0142y na stronie: <a href=\"http:\/\/nowkasztuka.com\">nowkasztuka.com<\/a><\/p>\n<p><img loading=\"lazy\" decoding=\"async\" class=\"alignnone size-medium wp-image-329\" src=\"http:\/\/fundacjaws.up.krakow.pl\/wp-content\/uploads\/2018\/12\/SztukaDoRzeczy_poziom_logo-300x99.jpg\" alt=\"\" width=\"300\" height=\"99\" \/><\/p>\n","protected":false},"excerpt":{"rendered":"<p>organizator: Fundacja Wydzia\u0142u Sztuki wraz z partnerami: Wydzia\u0142em Sztuki UP, ASP, Forum Designu, Dydo Poster Gallery, Galeria Sztuki Wsp\u00f3\u0142czesnej\u00a0 Bunkier Sztuki &nbsp; W ramach projektu Sztuka do rzeczy \u2013 design w Krakowie rozpoczyna si\u0119 pierwsza edycja targ\u00f3w m\u0142odych artyst\u00f3w i designer\u00f3w N\u00d3WKA SZTUKA. Wydarzenie skierowane do profesjonalnych tw\u00f3rc\u00f3w, koneser\u00f3w sztuki i designu, mi\u0142o\u015bnik\u00f3w oryginalnych dzie\u0142&hellip;<a href=\"https:\/\/fundacja.nowkasztuka.com\/index.php\/2018\/12\/08\/325\/\" class=\"more-link\">Continue reading <span class=\"screen-reader-text\">targi artyst\u00f3w i designer\u00f3w N\u00f3wka Sztuka<\/span><\/a><\/p>\n","protected":false},"author":2,"featured_media":0,"comment_status":"closed","ping_status":"open","sticky":false,"template":"","format":"standard","meta":{"footnotes":""},"categories":[1],"tags":[],"_links":{"self":[{"href":"https:\/\/fundacja.nowkasztuka.com\/index.php\/wp-json\/wp\/v2\/posts\/325"}],"collection":[{"href":"https:\/\/fundacja.nowkasztuka.com\/index.php\/wp-json\/wp\/v2\/posts"}],"about":[{"href":"https:\/\/fundacja.nowkasztuka.com\/index.php\/wp-json\/wp\/v2\/types\/post"}],"author":[{"embeddable":true,"href":"https:\/\/fundacja.nowkasztuka.com\/index.php\/wp-json\/wp\/v2\/users\/2"}],"replies":[{"embeddable":true,"href":"https:\/\/fundacja.nowkasztuka.com\/index.php\/wp-json\/wp\/v2\/comments?post=325"}],"version-history":[{"count":8,"href":"https:\/\/fundacja.nowkasztuka.com\/index.php\/wp-json\/wp\/v2\/posts\/325\/revisions"}],"predecessor-version":[{"id":355,"href":"https:\/\/fundacja.nowkasztuka.com\/index.php\/wp-json\/wp\/v2\/posts\/325\/revisions\/355"}],"wp:attachment":[{"href":"https:\/\/fundacja.nowkasztuka.com\/index.php\/wp-json\/wp\/v2\/media?parent=325"}],"wp:term":[{"taxonomy":"category","embeddable":true,"href":"https:\/\/fundacja.nowkasztuka.com\/index.php\/wp-json\/wp\/v2\/categories?post=325"},{"taxonomy":"post_tag","embeddable":true,"href":"https:\/\/fundacja.nowkasztuka.com\/index.php\/wp-json\/wp\/v2\/tags?post=325"}],"curies":[{"name":"wp","href":"https:\/\/api.w.org\/{rel}","templated":true}]}}