{"id":293,"date":"2018-11-12T18:30:09","date_gmt":"2018-11-12T17:30:09","guid":{"rendered":"http:\/\/fundacjaws.up.krakow.pl\/?p=293"},"modified":"2018-12-27T20:46:20","modified_gmt":"2018-12-27T19:46:20","slug":"make-no-mistake-budapeszt","status":"publish","type":"post","link":"https:\/\/fundacja.nowkasztuka.com\/index.php\/2018\/11\/12\/make-no-mistake-budapeszt\/","title":{"rendered":"make no mistake Budapeszt 2018"},"content":{"rendered":"<p>Zapraszamy na\u00a0mi\u0119dzynarodow\u0105 konferencje i wystaw\u0119 w Budapeszcie w Muzeum Architektury FUGA kt\u00f3ra odb\u0119dzie si\u0119 w dniach 24.11-09.12.2018 r.<\/p>\n<p><img loading=\"lazy\" decoding=\"async\" class=\"alignnone size-medium wp-image-309\" src=\"http:\/\/fundacjaws.up.krakow.pl\/wp-content\/uploads\/2018\/11\/Make_No_Mistake_flayer-1a-300x212.jpg\" alt=\"\" width=\"300\" height=\"212\" srcset=\"https:\/\/fundacja.nowkasztuka.com\/wp-content\/uploads\/2018\/11\/Make_No_Mistake_flayer-1a-300x212.jpg 300w, https:\/\/fundacja.nowkasztuka.com\/wp-content\/uploads\/2018\/11\/Make_No_Mistake_flayer-1a.jpg 701w\" sizes=\"(max-width: 300px) 100vw, 300px\" \/><\/p>\n<p><img loading=\"lazy\" decoding=\"async\" class=\"alignnone size-medium wp-image-308\" src=\"http:\/\/fundacjaws.up.krakow.pl\/wp-content\/uploads\/2018\/11\/Make_No_Mistake_flayer-1b-300x214.jpg\" alt=\"\" width=\"300\" height=\"214\" srcset=\"https:\/\/fundacja.nowkasztuka.com\/wp-content\/uploads\/2018\/11\/Make_No_Mistake_flayer-1b-300x214.jpg 300w, https:\/\/fundacja.nowkasztuka.com\/wp-content\/uploads\/2018\/11\/Make_No_Mistake_flayer-1b.jpg 694w\" sizes=\"(max-width: 300px) 100vw, 300px\" \/><\/p>\n","protected":false},"excerpt":{"rendered":"<p>Zapraszamy na\u00a0mi\u0119dzynarodow\u0105 konferencje i wystaw\u0119 w Budapeszcie w Muzeum Architektury FUGA kt\u00f3ra odb\u0119dzie si\u0119 w dniach 24.11-09.12.2018 r.<\/p>\n","protected":false},"author":2,"featured_media":461,"comment_status":"closed","ping_status":"open","sticky":false,"template":"","format":"standard","meta":{"footnotes":""},"categories":[1],"tags":[],"_links":{"self":[{"href":"https:\/\/fundacja.nowkasztuka.com\/index.php\/wp-json\/wp\/v2\/posts\/293"}],"collection":[{"href":"https:\/\/fundacja.nowkasztuka.com\/index.php\/wp-json\/wp\/v2\/posts"}],"about":[{"href":"https:\/\/fundacja.nowkasztuka.com\/index.php\/wp-json\/wp\/v2\/types\/post"}],"author":[{"embeddable":true,"href":"https:\/\/fundacja.nowkasztuka.com\/index.php\/wp-json\/wp\/v2\/users\/2"}],"replies":[{"embeddable":true,"href":"https:\/\/fundacja.nowkasztuka.com\/index.php\/wp-json\/wp\/v2\/comments?post=293"}],"version-history":[{"count":4,"href":"https:\/\/fundacja.nowkasztuka.com\/index.php\/wp-json\/wp\/v2\/posts\/293\/revisions"}],"predecessor-version":[{"id":312,"href":"https:\/\/fundacja.nowkasztuka.com\/index.php\/wp-json\/wp\/v2\/posts\/293\/revisions\/312"}],"wp:featuredmedia":[{"embeddable":true,"href":"https:\/\/fundacja.nowkasztuka.com\/index.php\/wp-json\/wp\/v2\/media\/461"}],"wp:attachment":[{"href":"https:\/\/fundacja.nowkasztuka.com\/index.php\/wp-json\/wp\/v2\/media?parent=293"}],"wp:term":[{"taxonomy":"category","embeddable":true,"href":"https:\/\/fundacja.nowkasztuka.com\/index.php\/wp-json\/wp\/v2\/categories?post=293"},{"taxonomy":"post_tag","embeddable":true,"href":"https:\/\/fundacja.nowkasztuka.com\/index.php\/wp-json\/wp\/v2\/tags?post=293"}],"curies":[{"name":"wp","href":"https:\/\/api.w.org\/{rel}","templated":true}]}}