{"id":291,"date":"2018-11-12T18:13:12","date_gmt":"2018-11-12T17:13:12","guid":{"rendered":"http:\/\/fundacjaws.up.krakow.pl\/?p=291"},"modified":"2018-11-12T18:13:12","modified_gmt":"2018-11-12T17:13:12","slug":"targi-nowka-sztuka","status":"publish","type":"post","link":"https:\/\/fundacja.nowkasztuka.com\/index.php\/2018\/11\/12\/targi-nowka-sztuka\/","title":{"rendered":"targi n\u00f3wka sztuka"},"content":{"rendered":"<p><img loading=\"lazy\" decoding=\"async\" class=\"alignnone  wp-image-299\" src=\"http:\/\/fundacjaws.up.krakow.pl\/wp-content\/uploads\/2018\/11\/baner-sztrona-300x139.png\" alt=\"\" width=\"497\" height=\"230\" srcset=\"https:\/\/fundacja.nowkasztuka.com\/wp-content\/uploads\/2018\/11\/baner-sztrona-300x139.png 300w, https:\/\/fundacja.nowkasztuka.com\/wp-content\/uploads\/2018\/11\/baner-sztrona-768x356.png 768w, https:\/\/fundacja.nowkasztuka.com\/wp-content\/uploads\/2018\/11\/baner-sztrona-1024x474.png 1024w, https:\/\/fundacja.nowkasztuka.com\/wp-content\/uploads\/2018\/11\/baner-sztrona-750x347.png 750w, https:\/\/fundacja.nowkasztuka.com\/wp-content\/uploads\/2018\/11\/baner-sztrona.png 1350w\" sizes=\"(max-width: 497px) 100vw, 497px\" \/><\/p>\n<div id=\"pgc-269-2-0\" class=\"panel-grid-cell\">\n<div id=\"panel-269-2-0-0\" class=\"so-panel widget widget_themegrill_flash_service tg-widget tg-single-service panel-first-child panel-last-child\" data-index=\"4\">\n<div class=\"tg-service-widget tg-service-layout-1\">\n<div class=\"service-wrapper\">\n<div class=\"service-icon-title-wrapper clearfix\">\n<h3 class=\"service-title-wrap\">Co?<\/h3>\n<\/div>\n<div class=\"service-content-wrap\">Co roku w Krakowie pojawia si\u0119 rzesza absolwent\u00f3w uczelni artystycznych i projektowych. Ich talent to potencja\u0142 naszego miasta, nie tylko w sferze kultury. Z jednej strony chcemy im stworzy\u0107 mo\u017cliwo\u015b\u0107 debiutu i skonfrontowania swojego dorobku z odbiorcami spoza ich w\u0142asnego \u015brodowiska, szko\u0142y, galerii i bran\u017cowych medi\u00f3w spo\u0142eczno\u015bciowych. Z drugiej, N\u00f3wka Sztuka to okazja aby zakupi\u0107 prace wprost od tw\u00f3rc\u00f3w, bez po\u015brednik\u00f3w.<\/div>\n<\/div>\n<\/div>\n<\/div>\n<\/div>\n<div id=\"pgc-269-2-1\" class=\"panel-grid-cell\">\n<div id=\"panel-269-2-1-0\" class=\"so-panel widget widget_themegrill_flash_service tg-widget tg-single-service panel-first-child panel-last-child\" data-index=\"5\">\n<div class=\"tg-service-widget tg-service-layout-1\">\n<div class=\"service-wrapper\">\n<div class=\"service-icon-title-wrapper clearfix\">\n<h3 class=\"service-title-wrap\">Gdzie?<\/h3>\n<\/div>\n<div class=\"service-content-wrap\">G\u0142\u00f3wna cz\u0119\u015b\u0107 dwudniowych Targ\u00f3w oraz otwarcie Strefy Debiut\u00f3w odb\u0119dzie si\u0119 w by\u0142ym hotelu Cracovia. Jest to ikona krakowskiego modernizmu, przysz\u0142e muzeum designu, a obecnie miejsce Forum Designu oraz Galerii Plakatu Dydo, naszych partner\u00f3w. Dodatkowo zapraszamy w tym samym terminie do dolnej sali wystawowej Bunkra Sztuki.<\/div>\n<\/div>\n<\/div>\n<\/div>\n<\/div>\n<div id=\"pgc-269-2-2\" class=\"panel-grid-cell\">\n<div id=\"panel-269-2-2-0\" class=\"so-panel widget widget_themegrill_flash_service tg-widget tg-single-service panel-first-child panel-last-child\" data-index=\"6\">\n<div class=\"tg-service-widget tg-service-layout-1\">\n<div class=\"service-wrapper\">\n<div class=\"service-icon-title-wrapper clearfix\">\n<h3 class=\"service-title-wrap\">Kiedy?<\/h3>\n<\/div>\n<div class=\"service-content-wrap\">Targi odb\u0119d\u0105 si\u0119 w okresie przed\u015bwi\u0105tecznym, od 1 do 2 grudnia 2018 w godzinach od 11.00 do 19.00. Otwarcie wystawy Strefy Debiut\u00f3w &#8211;\u00a029.11.2018, godz. 18.00<\/div>\n<\/div>\n<\/div>\n<\/div>\n<\/div>\n","protected":false},"excerpt":{"rendered":"<p>Co? Co roku w Krakowie pojawia si\u0119 rzesza absolwent\u00f3w uczelni artystycznych i projektowych. Ich talent to potencja\u0142 naszego miasta, nie tylko w sferze kultury. Z jednej strony chcemy im stworzy\u0107 mo\u017cliwo\u015b\u0107 debiutu i skonfrontowania swojego dorobku z odbiorcami spoza ich w\u0142asnego \u015brodowiska, szko\u0142y, galerii i bran\u017cowych medi\u00f3w spo\u0142eczno\u015bciowych. Z drugiej, N\u00f3wka Sztuka to okazja aby&hellip;<a href=\"https:\/\/fundacja.nowkasztuka.com\/index.php\/2018\/11\/12\/targi-nowka-sztuka\/\" class=\"more-link\">Continue reading <span class=\"screen-reader-text\">targi n\u00f3wka sztuka<\/span><\/a><\/p>\n","protected":false},"author":2,"featured_media":301,"comment_status":"closed","ping_status":"open","sticky":false,"template":"","format":"standard","meta":{"footnotes":""},"categories":[1],"tags":[],"_links":{"self":[{"href":"https:\/\/fundacja.nowkasztuka.com\/index.php\/wp-json\/wp\/v2\/posts\/291"}],"collection":[{"href":"https:\/\/fundacja.nowkasztuka.com\/index.php\/wp-json\/wp\/v2\/posts"}],"about":[{"href":"https:\/\/fundacja.nowkasztuka.com\/index.php\/wp-json\/wp\/v2\/types\/post"}],"author":[{"embeddable":true,"href":"https:\/\/fundacja.nowkasztuka.com\/index.php\/wp-json\/wp\/v2\/users\/2"}],"replies":[{"embeddable":true,"href":"https:\/\/fundacja.nowkasztuka.com\/index.php\/wp-json\/wp\/v2\/comments?post=291"}],"version-history":[{"count":2,"href":"https:\/\/fundacja.nowkasztuka.com\/index.php\/wp-json\/wp\/v2\/posts\/291\/revisions"}],"predecessor-version":[{"id":300,"href":"https:\/\/fundacja.nowkasztuka.com\/index.php\/wp-json\/wp\/v2\/posts\/291\/revisions\/300"}],"wp:featuredmedia":[{"embeddable":true,"href":"https:\/\/fundacja.nowkasztuka.com\/index.php\/wp-json\/wp\/v2\/media\/301"}],"wp:attachment":[{"href":"https:\/\/fundacja.nowkasztuka.com\/index.php\/wp-json\/wp\/v2\/media?parent=291"}],"wp:term":[{"taxonomy":"category","embeddable":true,"href":"https:\/\/fundacja.nowkasztuka.com\/index.php\/wp-json\/wp\/v2\/categories?post=291"},{"taxonomy":"post_tag","embeddable":true,"href":"https:\/\/fundacja.nowkasztuka.com\/index.php\/wp-json\/wp\/v2\/tags?post=291"}],"curies":[{"name":"wp","href":"https:\/\/api.w.org\/{rel}","templated":true}]}}