{"id":289,"date":"2018-11-12T19:22:47","date_gmt":"2018-11-12T18:22:47","guid":{"rendered":"http:\/\/fundacjaws.up.krakow.pl\/?p=289"},"modified":"2018-11-12T19:22:47","modified_gmt":"2018-11-12T18:22:47","slug":"seria-nowatorskich-pomocy-dotykowych-dla-osob-z-niepelnosprawnoscia-wzroku","status":"publish","type":"post","link":"https:\/\/fundacja.nowkasztuka.com\/index.php\/2018\/11\/12\/seria-nowatorskich-pomocy-dotykowych-dla-osob-z-niepelnosprawnoscia-wzroku\/","title":{"rendered":"seria nowatorskich pomocy dotykowych dla os\u00f3b z niepe\u0142nosprawno\u015bci\u0105 wzroku"},"content":{"rendered":"<p>W maju 2018 roku Fundacja Wydzia\u0142u Sztuki UP otrzyma\u0142a \u00a0dofinansowanie w ramach otwartego konkursu ofert na realizacj\u0119 zada\u0144 publicznych Wojew\u00f3dztwa Ma\u0142opolskiego w obszarze nauki, szkolnictwa wy\u017cszego, edukacji, o\u015bwiaty i wychowania w 2018 r. pn. \u201eNaukowe Inspiracje \u2013 Ciekawe i Kreatywne\u201d. Dzi\u0119ki pozyskanemu grantowi cz\u0142onkowie Studenckiego Ko\u0142o Naukowego Wzornictwa UP PROTOTYP opracowali na Wydziale Sztuki pod opiek\u0105 mgr Malwiny Antoniszczak seri\u0119 nowatorskich pomocy dotykowych dla os\u00f3b z niepe\u0142nosprawno\u015bci\u0105 wzroku. Pomoce te umo\u017cliwi\u0105 dotykowe poznawanie wybranych dzie\u0142 sztuki z kolekcji Mocak\u2019u. Zrealizowane projekty by\u0142y bardzo r\u00f3\u017cnorodne, od prostej uk\u0142adanki po tajemnicz\u0105 skrzyni\u0119 kt\u00f3rej zawarto\u015b\u0107 pozna\u0107 mo\u017cna jedynie przez specjalne otwory. Studenci przekazali prace do Muzeum Mocak gdzie b\u0119d\u0105 one stopniowo udost\u0119pniane osobom z niepe\u0142nosprawno\u015bci\u0105 wzroku w ramach warsztat\u00f3w edukacyjnych jak r\u00f3wnie\u017c w trakcie zwiedzania wystaw.<\/p>\n<p>Podpisy do zdj\u0119\u0107:<\/p>\n<ol>\n<li>Anna Chocho\u0142owicz, Zuzanna Krzemie\u0144, pomoc dotykowa do pracy Sofie Muller \u201eLeap of Faith\u201d. Fot.: Weronika Dziepak<\/li>\n<li>Anna Chocho\u0142owicz, Zuzanna Krzemie\u0144, pomoc dotykowa do pracy Sofie Muller \u201eLeap of Faith\u201d. Fot.: Weronika Dziepak<\/li>\n<li>Agnieszka Madej, Karolina Paulewicz, Ewa Przepi\u00f3ra, pomoc dotykowa do pracy Krzysztofa M. Bednarskiego \u201eProjekt nagrody Wis\u0142awy Szymborskiej\u201d. Fot.: Malwina Antoniszczak<\/li>\n<li>Julia Manderla Izabela Pawlu\u015bkiewicz, Agnieszka S\u0142upek, Bartosz Sta\u0144czyk, pomoce dotykowe do obraz\u00f3w Tomasza Tatarczyka &#8222;Bez tytu\u0142u&#8221;, &#8222;Bez tytu\u0142u&#8221;, &#8222;Krok za Krokiem&#8221;, \u201eKrok za krokiem II\u201d. Fot: Malwina Antoniszczak<\/li>\n<li>Weronika Dziepak, Aleksandra Krogulecka, uk\u0142adanka dotykowa do instalacji Stanis\u0142aw Dr\u00f3\u017cd\u017ca \u201eMi\u0119dzy\u201d. Fot: Weronika Dziepak<\/li>\n<li>Projekt Dmytro Nikiforchuk i Kai Ja\u0142ozy, wsp\u00f3\u0142praca: Kacper Klich. Obiekt dotykowy do wideo-performance\u2019u Oskara Dawickiego &#8222;Drzewo wiadomo\u015bci&#8221; (2008). Fot.: Dmytro Nikiforchuk i Kaja Ja\u0142oza.<\/li>\n<li>Warsztaty z Oskarem Dawickim dla os\u00f3b z niepe\u0142nosprawno\u015bci\u0105 wzroku, MOCAK. Fot.: Izabela Pawlu\u015bkiewicz<\/li>\n<li>Artysta Oskar Dawicki bada projekt Dmytro Nikiforchuka i Kai Ja\u0142ozy. Fot.: Izabela Pawlu\u015bkiewiczProjekt Dmytro Nikiforchuk i Kai Ja\u0142ozy, wsp\u00f3\u0142praca: Kacper Klich.<\/li>\n<\/ol>\n<p>Wn\u0119trze obiektu dotykowego do wideo-performance\u2019u Oskara Dawickiego &#8222;Drzewo wiadomo\u015bci&#8221; (2008). Fot.: Dmytro Nikiforchuk i Kaja Ja\u0142oza.<\/p>\n<p><img loading=\"lazy\" decoding=\"async\" class=\"alignnone size-medium wp-image-317\" src=\"http:\/\/fundacjaws.up.krakow.pl\/wp-content\/uploads\/2018\/11\/5-200x300.jpg\" alt=\"\" width=\"200\" height=\"300\" srcset=\"https:\/\/fundacja.nowkasztuka.com\/wp-content\/uploads\/2018\/11\/5-200x300.jpg 200w, https:\/\/fundacja.nowkasztuka.com\/wp-content\/uploads\/2018\/11\/5.jpg 425w\" sizes=\"(max-width: 200px) 100vw, 200px\" \/><img loading=\"lazy\" decoding=\"async\" class=\"alignnone size-medium wp-image-321\" src=\"http:\/\/fundacjaws.up.krakow.pl\/wp-content\/uploads\/2018\/11\/1-200x300.jpg\" alt=\"\" width=\"200\" height=\"300\" srcset=\"https:\/\/fundacja.nowkasztuka.com\/wp-content\/uploads\/2018\/11\/1-200x300.jpg 200w, https:\/\/fundacja.nowkasztuka.com\/wp-content\/uploads\/2018\/11\/1.jpg 425w\" sizes=\"(max-width: 200px) 100vw, 200px\" \/><img loading=\"lazy\" decoding=\"async\" class=\"alignnone size-medium wp-image-319\" src=\"http:\/\/fundacjaws.up.krakow.pl\/wp-content\/uploads\/2018\/11\/2-300x200.jpg\" alt=\"\" width=\"300\" height=\"200\" srcset=\"https:\/\/fundacja.nowkasztuka.com\/wp-content\/uploads\/2018\/11\/2-300x200.jpg 300w, https:\/\/fundacja.nowkasztuka.com\/wp-content\/uploads\/2018\/11\/2.jpg 713w\" sizes=\"(max-width: 300px) 100vw, 300px\" \/><img loading=\"lazy\" decoding=\"async\" class=\"alignnone size-medium wp-image-314\" src=\"http:\/\/fundacjaws.up.krakow.pl\/wp-content\/uploads\/2018\/11\/10-300x200.jpg\" alt=\"\" width=\"300\" height=\"200\" srcset=\"https:\/\/fundacja.nowkasztuka.com\/wp-content\/uploads\/2018\/11\/10-300x200.jpg 300w, https:\/\/fundacja.nowkasztuka.com\/wp-content\/uploads\/2018\/11\/10.jpg 638w\" sizes=\"(max-width: 300px) 100vw, 300px\" \/><img loading=\"lazy\" decoding=\"async\" class=\"alignnone size-medium wp-image-316\" src=\"http:\/\/fundacjaws.up.krakow.pl\/wp-content\/uploads\/2018\/11\/9-300x200.jpg\" alt=\"\" width=\"300\" height=\"200\" srcset=\"https:\/\/fundacja.nowkasztuka.com\/wp-content\/uploads\/2018\/11\/9-300x200.jpg 300w, https:\/\/fundacja.nowkasztuka.com\/wp-content\/uploads\/2018\/11\/9.jpg 567w\" sizes=\"(max-width: 300px) 100vw, 300px\" \/><img loading=\"lazy\" decoding=\"async\" class=\"alignnone size-medium wp-image-320\" src=\"http:\/\/fundacjaws.up.krakow.pl\/wp-content\/uploads\/2018\/11\/8-300x200.jpg\" alt=\"\" width=\"300\" height=\"200\" srcset=\"https:\/\/fundacja.nowkasztuka.com\/wp-content\/uploads\/2018\/11\/8-300x200.jpg 300w, https:\/\/fundacja.nowkasztuka.com\/wp-content\/uploads\/2018\/11\/8.jpg 713w\" sizes=\"(max-width: 300px) 100vw, 300px\" \/><img loading=\"lazy\" decoding=\"async\" class=\"alignnone size-medium wp-image-315\" src=\"http:\/\/fundacjaws.up.krakow.pl\/wp-content\/uploads\/2018\/11\/4-300x200.jpg\" alt=\"\" width=\"300\" height=\"200\" srcset=\"https:\/\/fundacja.nowkasztuka.com\/wp-content\/uploads\/2018\/11\/4-300x200.jpg 300w, https:\/\/fundacja.nowkasztuka.com\/wp-content\/uploads\/2018\/11\/4.jpg 713w\" sizes=\"(max-width: 300px) 100vw, 300px\" \/>\u00a0\u00a0<img loading=\"lazy\" decoding=\"async\" class=\"alignnone size-medium wp-image-318\" src=\"http:\/\/fundacjaws.up.krakow.pl\/wp-content\/uploads\/2018\/11\/3-300x193.jpg\" alt=\"\" width=\"300\" height=\"193\" srcset=\"https:\/\/fundacja.nowkasztuka.com\/wp-content\/uploads\/2018\/11\/3-300x193.jpg 300w, https:\/\/fundacja.nowkasztuka.com\/wp-content\/uploads\/2018\/11\/3.jpg 567w\" sizes=\"(max-width: 300px) 100vw, 300px\" \/> \u00a0\u00a0\u00a0<img loading=\"lazy\" decoding=\"async\" class=\"alignnone size-medium wp-image-322\" src=\"http:\/\/fundacjaws.up.krakow.pl\/wp-content\/uploads\/2018\/11\/7-203x300.jpg\" alt=\"\" width=\"203\" height=\"300\" srcset=\"https:\/\/fundacja.nowkasztuka.com\/wp-content\/uploads\/2018\/11\/7-203x300.jpg 203w, https:\/\/fundacja.nowkasztuka.com\/wp-content\/uploads\/2018\/11\/7.jpg 383w\" sizes=\"(max-width: 203px) 100vw, 203px\" \/><img loading=\"lazy\" decoding=\"async\" class=\"alignnone size-medium wp-image-313\" src=\"http:\/\/fundacjaws.up.krakow.pl\/wp-content\/uploads\/2018\/11\/6-199x300.jpg\" alt=\"\" width=\"199\" height=\"300\" srcset=\"https:\/\/fundacja.nowkasztuka.com\/wp-content\/uploads\/2018\/11\/6-199x300.jpg 199w, https:\/\/fundacja.nowkasztuka.com\/wp-content\/uploads\/2018\/11\/6.jpg 377w\" sizes=\"(max-width: 199px) 100vw, 199px\" \/><\/p>\n","protected":false},"excerpt":{"rendered":"<p>W maju 2018 roku Fundacja Wydzia\u0142u Sztuki UP otrzyma\u0142a \u00a0dofinansowanie w ramach otwartego konkursu ofert na realizacj\u0119 zada\u0144 publicznych Wojew\u00f3dztwa Ma\u0142opolskiego w obszarze nauki, szkolnictwa wy\u017cszego, edukacji, o\u015bwiaty i wychowania w 2018 r. pn. \u201eNaukowe Inspiracje \u2013 Ciekawe i Kreatywne\u201d. Dzi\u0119ki pozyskanemu grantowi cz\u0142onkowie Studenckiego Ko\u0142o Naukowego Wzornictwa UP PROTOTYP opracowali na Wydziale Sztuki pod&hellip;<a href=\"https:\/\/fundacja.nowkasztuka.com\/index.php\/2018\/11\/12\/seria-nowatorskich-pomocy-dotykowych-dla-osob-z-niepelnosprawnoscia-wzroku\/\" class=\"more-link\">Continue reading <span class=\"screen-reader-text\">seria nowatorskich pomocy dotykowych dla os\u00f3b z niepe\u0142nosprawno\u015bci\u0105 wzroku<\/span><\/a><\/p>\n","protected":false},"author":2,"featured_media":0,"comment_status":"closed","ping_status":"open","sticky":false,"template":"","format":"standard","meta":{"footnotes":""},"categories":[1],"tags":[],"_links":{"self":[{"href":"https:\/\/fundacja.nowkasztuka.com\/index.php\/wp-json\/wp\/v2\/posts\/289"}],"collection":[{"href":"https:\/\/fundacja.nowkasztuka.com\/index.php\/wp-json\/wp\/v2\/posts"}],"about":[{"href":"https:\/\/fundacja.nowkasztuka.com\/index.php\/wp-json\/wp\/v2\/types\/post"}],"author":[{"embeddable":true,"href":"https:\/\/fundacja.nowkasztuka.com\/index.php\/wp-json\/wp\/v2\/users\/2"}],"replies":[{"embeddable":true,"href":"https:\/\/fundacja.nowkasztuka.com\/index.php\/wp-json\/wp\/v2\/comments?post=289"}],"version-history":[{"count":2,"href":"https:\/\/fundacja.nowkasztuka.com\/index.php\/wp-json\/wp\/v2\/posts\/289\/revisions"}],"predecessor-version":[{"id":323,"href":"https:\/\/fundacja.nowkasztuka.com\/index.php\/wp-json\/wp\/v2\/posts\/289\/revisions\/323"}],"wp:attachment":[{"href":"https:\/\/fundacja.nowkasztuka.com\/index.php\/wp-json\/wp\/v2\/media?parent=289"}],"wp:term":[{"taxonomy":"category","embeddable":true,"href":"https:\/\/fundacja.nowkasztuka.com\/index.php\/wp-json\/wp\/v2\/categories?post=289"},{"taxonomy":"post_tag","embeddable":true,"href":"https:\/\/fundacja.nowkasztuka.com\/index.php\/wp-json\/wp\/v2\/tags?post=289"}],"curies":[{"name":"wp","href":"https:\/\/api.w.org\/{rel}","templated":true}]}}