{"id":279,"date":"2018-09-10T21:06:14","date_gmt":"2018-09-10T19:06:14","guid":{"rendered":"http:\/\/fundacjaws.up.krakow.pl\/?p=279"},"modified":"2018-09-10T21:06:14","modified_gmt":"2018-09-10T19:06:14","slug":"wystawa-grupy-projektowej-fformie-best-before-tr_end-na-20-edycji-designblok-w-pradze","status":"publish","type":"post","link":"https:\/\/fundacja.nowkasztuka.com\/index.php\/2018\/09\/10\/wystawa-grupy-projektowej-fformie-best-before-tr_end-na-20-edycji-designblok-w-pradze\/","title":{"rendered":"wystawa grupy projektowej fformie &#8211; Best Before Tr_end na 20. edycji designblok w Pradze"},"content":{"rendered":"<p style=\"font-weight: 400;\">Od 25 do 29 pa\u017adziernika 2018 r. w Openstudio w Pradze, podczas jubileuszowej 20. edycji <em>designblok<\/em> w Pradze b\u0119dzie mo\u017cna zobaczy\u0107 wystaw\u0119 grupy projektowej <em>fformie<\/em>.<\/p>\n<p style=\"font-weight: 400;\">Ekspozycja zatytu\u0142owana <em>Best Before Tr_end<\/em> odwo\u0142uje si\u0119 do daty wa\u017cno\u015bci produkt\u00f3w. Zastanawiamy si\u0119 w jakim kierunku design m\u00f3g\u0142by zmierza\u0107, gdyby decydowa\u0142y o nim prawa etyki, a nie rynku. Wystawa oparta jest na koncepcji warto\u015bci Maxa Schelera. Projekty podzielone zosta\u0142y na pi\u0119\u0107 rodzaj\u00f3w warto\u015bci: utylitarne, hedonistyczne, witalne, duchowe i religijne.<\/p>\n<p style=\"font-weight: 400;\">Projekt jest wsp\u00f3\u0142organizowany przez Instytut Adama Mickiewicza dzia\u0142aj\u0105cy pod mark\u0105 Culture.pl oraz przez Fundacj\u0119 Wydzia\u0142u Sztuki.<\/p>\n<p>&nbsp;<\/p>\n","protected":false},"excerpt":{"rendered":"<p>Od 25 do 29 pa\u017adziernika 2018 r. w Openstudio w Pradze, podczas jubileuszowej 20. edycji designblok w Pradze b\u0119dzie mo\u017cna zobaczy\u0107 wystaw\u0119 grupy projektowej fformie. Ekspozycja zatytu\u0142owana Best Before Tr_end odwo\u0142uje si\u0119 do daty wa\u017cno\u015bci produkt\u00f3w. Zastanawiamy si\u0119 w jakim kierunku design m\u00f3g\u0142by zmierza\u0107, gdyby decydowa\u0142y o nim prawa etyki, a nie rynku. Wystawa oparta&hellip;<a href=\"https:\/\/fundacja.nowkasztuka.com\/index.php\/2018\/09\/10\/wystawa-grupy-projektowej-fformie-best-before-tr_end-na-20-edycji-designblok-w-pradze\/\" class=\"more-link\">Continue reading <span class=\"screen-reader-text\">wystawa grupy projektowej fformie &#8211; Best Before Tr_end na 20. edycji designblok w Pradze<\/span><\/a><\/p>\n","protected":false},"author":2,"featured_media":280,"comment_status":"closed","ping_status":"open","sticky":false,"template":"","format":"standard","meta":{"footnotes":""},"categories":[1],"tags":[],"_links":{"self":[{"href":"https:\/\/fundacja.nowkasztuka.com\/index.php\/wp-json\/wp\/v2\/posts\/279"}],"collection":[{"href":"https:\/\/fundacja.nowkasztuka.com\/index.php\/wp-json\/wp\/v2\/posts"}],"about":[{"href":"https:\/\/fundacja.nowkasztuka.com\/index.php\/wp-json\/wp\/v2\/types\/post"}],"author":[{"embeddable":true,"href":"https:\/\/fundacja.nowkasztuka.com\/index.php\/wp-json\/wp\/v2\/users\/2"}],"replies":[{"embeddable":true,"href":"https:\/\/fundacja.nowkasztuka.com\/index.php\/wp-json\/wp\/v2\/comments?post=279"}],"version-history":[{"count":1,"href":"https:\/\/fundacja.nowkasztuka.com\/index.php\/wp-json\/wp\/v2\/posts\/279\/revisions"}],"predecessor-version":[{"id":281,"href":"https:\/\/fundacja.nowkasztuka.com\/index.php\/wp-json\/wp\/v2\/posts\/279\/revisions\/281"}],"wp:featuredmedia":[{"embeddable":true,"href":"https:\/\/fundacja.nowkasztuka.com\/index.php\/wp-json\/wp\/v2\/media\/280"}],"wp:attachment":[{"href":"https:\/\/fundacja.nowkasztuka.com\/index.php\/wp-json\/wp\/v2\/media?parent=279"}],"wp:term":[{"taxonomy":"category","embeddable":true,"href":"https:\/\/fundacja.nowkasztuka.com\/index.php\/wp-json\/wp\/v2\/categories?post=279"},{"taxonomy":"post_tag","embeddable":true,"href":"https:\/\/fundacja.nowkasztuka.com\/index.php\/wp-json\/wp\/v2\/tags?post=279"}],"curies":[{"name":"wp","href":"https:\/\/api.w.org\/{rel}","templated":true}]}}