{"id":1177,"date":"2025-01-08T15:32:49","date_gmt":"2025-01-08T14:32:49","guid":{"rendered":"https:\/\/fundacja.nowkasztuka.com\/?p=1177"},"modified":"2025-01-08T15:32:49","modified_gmt":"2025-01-08T14:32:49","slug":"wyciagi-raportow-z-badan","status":"publish","type":"post","link":"https:\/\/fundacja.nowkasztuka.com\/index.php\/2025\/01\/08\/wyciagi-raportow-z-badan\/","title":{"rendered":"Wyci\u0105gi raport\u00f3w z bada\u0144"},"content":{"rendered":"<p>W\u00a0zwi\u0105zku z\u00a0realizacj\u0105 przez\u00a0Fundacj\u0119 przedsi\u0119wzi\u0119cia\u00a0pn. \u201eWsp\u00f3\u0142czesne\u00a0wyzwania cyfrowe w\u00a0kulturze \u2013 rozw\u00f3j mo\u017cliwo\u015bci i\u00a0kompetencji\u00a0cyfrowych dla zwi\u0119kszenia obecno\u015bci w\u00a0sieci\u201d dofinansowanego z\u00a0programu\u00a0Krajowy Plan Odbudowy i\u00a0Zwi\u0119kszania Odporno\u015bci, komponent: Odporno\u015b\u0107 i\u00a0konkurencyjno\u015b\u0107 gospodarki, inwestycja A2.5.1: Program wspierania dzia\u0142alno\u015bci podmiot\u00f3w sektora kultury i\u00a0przemys\u0142\u00f3w kreatywnych na\u00a0rzecz stymulowania ich rozwoju w\u00a0za\u0142\u0105czeniu przedstawiamy wyci\u0105gi z raport\u00f3w z badania potencja\u0142u cyfrowego instytucji oraz badania potrzeb publiczno\u015bci w kontek\u015bcie dzia\u0142a\u0144 online.<\/p>\n<p><a href=\"https:\/\/fundacja.nowkasztuka.com\/wp-content\/uploads\/2025\/01\/wyciag-raportu_Badanie-potencjalu-cyfrowego-Fundacji-Nowki-Sztuki.pdf\">wyci\u0105g raportu_Badanie potencja\u0142u cyfrowego Fundacji N\u00f3wki Sztuki<\/a><\/p>\n<p><a href=\"https:\/\/fundacja.nowkasztuka.com\/wp-content\/uploads\/2025\/01\/wyciag-raportu_Badanie-potrzeb-publicznosci-w-kontekscie-dzialan-online.pdf\">wyci\u0105g raportu_Badanie potrzeb publiczno\u015bci w kontek\u015bcie dzia\u0142a\u0144 online<\/a><\/p>\n<div>\n<style type=\"text\/css\">\r\n\t#foogallery-gallery-1121 .fg-image {\r\n        width: 1200px;\r\n    }\r\n<\/style>\r\n\t\t\t\t<div class=\"foogallery foogallery-container foogallery-default foogallery-lightbox-foogallery fg-gutter-10 fg-center fg-default fg-light fg-border-thin fg-shadow-outline fg-loading-default fg-loaded-fade-in fg-caption-hover fg-hover-fade fg-hover-zoom fg-ready\" id=\"foogallery-gallery-1121\" data-foogallery=\"{&quot;item&quot;:{&quot;showCaptionTitle&quot;:true,&quot;showCaptionDescription&quot;:true},&quot;lazy&quot;:true}\" data-foogallery-lightbox=\"{&quot;thumbs&quot;:&quot;bottom&quot;,&quot;thumbsCaptions&quot;:false,&quot;thumbsBestFit&quot;:false,&quot;thumbsSmall&quot;:false,&quot;thumbsCaptionsAlign&quot;:&quot;default&quot;,&quot;info&quot;:&quot;bottom&quot;,&quot;infoVisible&quot;:true,&quot;infoOverlay&quot;:true,&quot;infoAlign&quot;:&quot;default&quot;,&quot;transition&quot;:&quot;fade&quot;,&quot;hoverButtons&quot;:false,&quot;fitMedia&quot;:false,&quot;noScrollbars&quot;:true,&quot;preserveButtonSpace&quot;:true,&quot;buttons&quot;:{&quot;fullscreen&quot;:true,&quot;info&quot;:true,&quot;thumbs&quot;:false},&quot;video&quot;:{&quot;autoPlay&quot;:true}}\" >\r\n\t<div class=\"fg-item fg-type-image fg-idle\"><figure class=\"fg-item-inner\"><a href=\"https:\/\/fundacja.nowkasztuka.com\/wp-content\/uploads\/2024\/11\/loga-KPO-1.jpg\" data-attachment-id=\"1122\" data-type=\"image\" class=\"fg-thumb\"><span class=\"fg-image-wrap\"><img fetchpriority=\"high\" decoding=\"async\" width=\"1200\" height=\"150\" class=\"skip-lazy fg-image\" data-src-fg=\"https:\/\/fundacja.nowkasztuka.com\/wp-content\/uploads\/cache\/2024\/11\/loga-KPO-1\/3094572946.jpg\" src=\"data:image\/svg+xml,%3Csvg%20xmlns%3D%22http%3A%2F%2Fwww.w3.org%2F2000%2Fsvg%22%20width%3D%221200%22%20height%3D%22150%22%20viewBox%3D%220%200%201200%20150%22%3E%3C%2Fsvg%3E\" loading=\"eager\"><\/span><span class=\"fg-image-overlay\"><\/span><\/a><figcaption class=\"fg-caption\"><div class=\"fg-caption-inner\"><\/div><\/figcaption><\/figure><div class=\"fg-loader\"><\/div><\/div><\/div>\r\n\n<\/div>\n","protected":false},"excerpt":{"rendered":"<p>W\u00a0zwi\u0105zku z\u00a0realizacj\u0105 przez\u00a0Fundacj\u0119 przedsi\u0119wzi\u0119cia\u00a0pn. \u201eWsp\u00f3\u0142czesne\u00a0wyzwania cyfrowe w\u00a0kulturze \u2013 rozw\u00f3j mo\u017cliwo\u015bci i\u00a0kompetencji\u00a0cyfrowych dla zwi\u0119kszenia obecno\u015bci w\u00a0sieci\u201d dofinansowanego z\u00a0programu\u00a0Krajowy Plan Odbudowy i\u00a0Zwi\u0119kszania Odporno\u015bci, komponent: Odporno\u015b\u0107 i\u00a0konkurencyjno\u015b\u0107 gospodarki, inwestycja A2.5.1: Program wspierania dzia\u0142alno\u015bci podmiot\u00f3w sektora kultury i\u00a0przemys\u0142\u00f3w kreatywnych na\u00a0rzecz stymulowania ich rozwoju w\u00a0za\u0142\u0105czeniu przedstawiamy wyci\u0105gi z raport\u00f3w z badania potencja\u0142u cyfrowego instytucji oraz badania potrzeb publiczno\u015bci w kontek\u015bcie&hellip;<a href=\"https:\/\/fundacja.nowkasztuka.com\/index.php\/2025\/01\/08\/wyciagi-raportow-z-badan\/\" class=\"more-link\">Continue reading <span class=\"screen-reader-text\">Wyci\u0105gi raport\u00f3w z bada\u0144<\/span><\/a><\/p>\n","protected":false},"author":2,"featured_media":0,"comment_status":"closed","ping_status":"open","sticky":false,"template":"","format":"standard","meta":{"footnotes":""},"categories":[1],"tags":[],"_links":{"self":[{"href":"https:\/\/fundacja.nowkasztuka.com\/index.php\/wp-json\/wp\/v2\/posts\/1177"}],"collection":[{"href":"https:\/\/fundacja.nowkasztuka.com\/index.php\/wp-json\/wp\/v2\/posts"}],"about":[{"href":"https:\/\/fundacja.nowkasztuka.com\/index.php\/wp-json\/wp\/v2\/types\/post"}],"author":[{"embeddable":true,"href":"https:\/\/fundacja.nowkasztuka.com\/index.php\/wp-json\/wp\/v2\/users\/2"}],"replies":[{"embeddable":true,"href":"https:\/\/fundacja.nowkasztuka.com\/index.php\/wp-json\/wp\/v2\/comments?post=1177"}],"version-history":[{"count":1,"href":"https:\/\/fundacja.nowkasztuka.com\/index.php\/wp-json\/wp\/v2\/posts\/1177\/revisions"}],"predecessor-version":[{"id":1180,"href":"https:\/\/fundacja.nowkasztuka.com\/index.php\/wp-json\/wp\/v2\/posts\/1177\/revisions\/1180"}],"wp:attachment":[{"href":"https:\/\/fundacja.nowkasztuka.com\/index.php\/wp-json\/wp\/v2\/media?parent=1177"}],"wp:term":[{"taxonomy":"category","embeddable":true,"href":"https:\/\/fundacja.nowkasztuka.com\/index.php\/wp-json\/wp\/v2\/categories?post=1177"},{"taxonomy":"post_tag","embeddable":true,"href":"https:\/\/fundacja.nowkasztuka.com\/index.php\/wp-json\/wp\/v2\/tags?post=1177"}],"curies":[{"name":"wp","href":"https:\/\/api.w.org\/{rel}","templated":true}]}}