{"id":1127,"date":"2024-11-20T17:44:11","date_gmt":"2024-11-20T16:44:11","guid":{"rendered":"https:\/\/fundacja.nowkasztuka.com\/?p=1127"},"modified":"2024-11-20T17:44:11","modified_gmt":"2024-11-20T16:44:11","slug":"nowka-sztuka-7-0-podziekowanie","status":"publish","type":"post","link":"https:\/\/fundacja.nowkasztuka.com\/index.php\/2024\/11\/20\/nowka-sztuka-7-0-podziekowanie\/","title":{"rendered":"N\u00f3wka Sztuka 7.0 &#8211; podzi\u0119kowanie"},"content":{"rendered":"<p>Serdecznie dzi\u0119kujemy artystom\/artystkom oraz go\u015bciom za udzia\u0142 w targach artyst\u00f3w i dizajner\u00f3w N\u00f3wka Sztuka<\/p>\n<p>Zapraszamy za rok!<\/p>\n<p>Relacje w mediach:<\/p>\n<p>https:\/\/gazetakrakowska.pl\/swieto-sztuki-i-designu-w-krakowie-7-edycja-targow-artystow-i-designerow-nowka-sztuka-w-palacu-sztuki\/ar\/c13-18924285<\/p>\n<p>&nbsp;<\/p>\n<p>https:\/\/krakow.naszemiasto.pl\/nowka-sztuka-to-juz-7-edycja-targow-artystow-i-designerow-bedzie-mozna-upolowac-prawdzie-unikaty-zobacz-zdjecia-z-poprzednich-edycji\/ar\/c1p2-26944503<\/p>\n<p>&nbsp;<\/p>\n<blockquote class=\"wp-embedded-content\" data-secret=\"7f0VhU8ZHp\"><p><a href=\"https:\/\/www.kulturatka.pl\/2024\/11\/06\/swieto-sztuki-i-designu-w-krakowie\/\">\u015awi\u0119to sztuki i designu w Krakowie<\/a><\/p><\/blockquote>\n<p><iframe class=\"wp-embedded-content\" sandbox=\"allow-scripts\" security=\"restricted\" style=\"position: absolute; clip: rect(1px, 1px, 1px, 1px);\" title=\"&#8222;\u015awi\u0119to sztuki i designu w Krakowie&#8221; &#8212; Kulturatka.pl \u2013 wydarzenia kulturalne\" src=\"https:\/\/www.kulturatka.pl\/2024\/11\/06\/swieto-sztuki-i-designu-w-krakowie\/embed\/#?secret=RCe7nP8ajL#?secret=7f0VhU8ZHp\" data-secret=\"7f0VhU8ZHp\" width=\"600\" height=\"338\" frameborder=\"0\" marginwidth=\"0\" marginheight=\"0\" scrolling=\"no\"><\/iframe><\/p>\n<p>&nbsp;<\/p>\n<p>https:\/\/dziennikpolski24.pl\/swieto-sztuki-i-designu-w-krakowie-7-edycja-targow-artystow-i-designerow-nowka-sztuka-w-palacu-sztuki\/ar\/c13-18924285<\/p>\n<p>&nbsp;<\/p>\n<blockquote class=\"wp-embedded-content\" data-secret=\"mimKmVqXVT\"><p><a href=\"https:\/\/artwitryna.pl\/targi-artystow-i-dizajnerow-nowka-sztuka-w-krakowie\/\">Targi artyst\u00f3w i dizajner\u00f3w &#8222;N\u00f3wka Sztuka&#8221; w Krakowie<\/a><\/p><\/blockquote>\n<p><iframe class=\"wp-embedded-content\" sandbox=\"allow-scripts\" security=\"restricted\" style=\"position: absolute; clip: rect(1px, 1px, 1px, 1px);\" title=\"&#8222;Targi artyst\u00f3w i dizajner\u00f3w &#8222;N\u00f3wka Sztuka&#8221; w Krakowie&#8221; &#8212; Kultura &amp; Art\" src=\"https:\/\/artwitryna.pl\/targi-artystow-i-dizajnerow-nowka-sztuka-w-krakowie\/embed\/#?secret=E79ASK2yfD#?secret=mimKmVqXVT\" data-secret=\"mimKmVqXVT\" width=\"600\" height=\"338\" frameborder=\"0\" marginwidth=\"0\" marginheight=\"0\" scrolling=\"no\"><\/iframe><\/p>\n<p>&nbsp;<\/p>\n<p>https:\/\/lifestyle.newseria.pl\/biuro-prasowe\/sztuka\/swieto-sztuki-i-designu,b214861157<\/p>\n<p>https:\/\/www.krakow.pl\/aktualnosci\/288579,33,komunikat,przed_nami_targi_artystow_i_dizajnerow_nowka_sztuka.html<\/p>\n<p>&nbsp;<\/p>\n<p>https:\/\/krakow.naszemiasto.pl\/targi-nowka-sztuka-w-krakowie-mozna-obejrzec-i-kupic-unikatowe-dziela-mlodych-tworcow-zobacz-zdjecia\/ar\/c1p2-26972663<\/p>\n","protected":false},"excerpt":{"rendered":"<p>Serdecznie dzi\u0119kujemy artystom\/artystkom oraz go\u015bciom za udzia\u0142 w targach artyst\u00f3w i dizajner\u00f3w N\u00f3wka Sztuka Zapraszamy za rok! Relacje w mediach: https:\/\/gazetakrakowska.pl\/swieto-sztuki-i-designu-w-krakowie-7-edycja-targow-artystow-i-designerow-nowka-sztuka-w-palacu-sztuki\/ar\/c13-18924285 &nbsp; https:\/\/krakow.naszemiasto.pl\/nowka-sztuka-to-juz-7-edycja-targow-artystow-i-designerow-bedzie-mozna-upolowac-prawdzie-unikaty-zobacz-zdjecia-z-poprzednich-edycji\/ar\/c1p2-26944503 &nbsp; \u015awi\u0119to sztuki i designu w Krakowie &nbsp; https:\/\/dziennikpolski24.pl\/swieto-sztuki-i-designu-w-krakowie-7-edycja-targow-artystow-i-designerow-nowka-sztuka-w-palacu-sztuki\/ar\/c13-18924285 &nbsp; Targi artyst\u00f3w i dizajner\u00f3w &#8222;N\u00f3wka Sztuka&#8221; w Krakowie &nbsp; https:\/\/lifestyle.newseria.pl\/biuro-prasowe\/sztuka\/swieto-sztuki-i-designu,b214861157 https:\/\/www.krakow.pl\/aktualnosci\/288579,33,komunikat,przed_nami_targi_artystow_i_dizajnerow_nowka_sztuka.html &nbsp; https:\/\/krakow.naszemiasto.pl\/targi-nowka-sztuka-w-krakowie-mozna-obejrzec-i-kupic-unikatowe-dziela-mlodych-tworcow-zobacz-zdjecia\/ar\/c1p2-26972663<\/p>\n","protected":false},"author":2,"featured_media":1156,"comment_status":"closed","ping_status":"open","sticky":false,"template":"","format":"standard","meta":{"footnotes":""},"categories":[1],"tags":[],"_links":{"self":[{"href":"https:\/\/fundacja.nowkasztuka.com\/index.php\/wp-json\/wp\/v2\/posts\/1127"}],"collection":[{"href":"https:\/\/fundacja.nowkasztuka.com\/index.php\/wp-json\/wp\/v2\/posts"}],"about":[{"href":"https:\/\/fundacja.nowkasztuka.com\/index.php\/wp-json\/wp\/v2\/types\/post"}],"author":[{"embeddable":true,"href":"https:\/\/fundacja.nowkasztuka.com\/index.php\/wp-json\/wp\/v2\/users\/2"}],"replies":[{"embeddable":true,"href":"https:\/\/fundacja.nowkasztuka.com\/index.php\/wp-json\/wp\/v2\/comments?post=1127"}],"version-history":[{"count":1,"href":"https:\/\/fundacja.nowkasztuka.com\/index.php\/wp-json\/wp\/v2\/posts\/1127\/revisions"}],"predecessor-version":[{"id":1157,"href":"https:\/\/fundacja.nowkasztuka.com\/index.php\/wp-json\/wp\/v2\/posts\/1127\/revisions\/1157"}],"wp:featuredmedia":[{"embeddable":true,"href":"https:\/\/fundacja.nowkasztuka.com\/index.php\/wp-json\/wp\/v2\/media\/1156"}],"wp:attachment":[{"href":"https:\/\/fundacja.nowkasztuka.com\/index.php\/wp-json\/wp\/v2\/media?parent=1127"}],"wp:term":[{"taxonomy":"category","embeddable":true,"href":"https:\/\/fundacja.nowkasztuka.com\/index.php\/wp-json\/wp\/v2\/categories?post=1127"},{"taxonomy":"post_tag","embeddable":true,"href":"https:\/\/fundacja.nowkasztuka.com\/index.php\/wp-json\/wp\/v2\/tags?post=1127"}],"curies":[{"name":"wp","href":"https:\/\/api.w.org\/{rel}","templated":true}]}}