{"id":1108,"date":"2024-11-09T18:17:47","date_gmt":"2024-11-09T17:17:47","guid":{"rendered":"https:\/\/fundacja.nowkasztuka.com\/?p=1108"},"modified":"2024-11-11T20:19:40","modified_gmt":"2024-11-11T19:19:40","slug":"7-targi-artystow-i-dizajnerow-nowka-sztuka","status":"publish","type":"post","link":"https:\/\/fundacja.nowkasztuka.com\/index.php\/2024\/11\/09\/7-targi-artystow-i-dizajnerow-nowka-sztuka\/","title":{"rendered":"7. targi artyst\u00f3w i dizajner\u00f3w N\u00f3wka Sztuka"},"content":{"rendered":"<p>&nbsp;<\/p>\n<p><strong>\u015awi\u0119to sztuki i designu w Krakowie<\/strong><\/p>\n<p><strong>Ju\u017c po raz 7 w Krakowie do\u015bwiadczy\u0107 b\u0119dziemy mogli jedynego w swoim rodzaju wydarzenia, pozwalaj\u0105cego na zanurzenie si\u0119 w \u015bwiecie kreatywnych, inspiruj\u0105cych wizji artystycznych. Podczas kolejnej edycji Targ\u00f3w Artyst\u00f3w i Designer\u00f3w \u201eN\u00f3wka Sztuka\u201d swoje prace zaprezentuje ponad 70 najlepszych tw\u00f3rc\u00f3w, starannie wyselekcjonowanych przez Jury. Targi odb\u0119d\u0105 si\u0119 w dniach 9-10 listopada w Pa\u0142acu Sztuki. <\/strong><\/p>\n<p>To idealna okazja dla mi\u0142o\u015bnik\u00f3w sztuki, kolekcjoner\u00f3w, ale te\u017c os\u00f3b, kt\u00f3re dopiero poznaj\u0105 ten \u015bwiat. Targi \u201eN\u00f3wka Sztuka\u201d maj\u0105 na celu inspirowa\u0107, redefiniowa\u0107 spojrzenie na wsp\u00f3\u0142czesn\u0105 estetyk\u0119, ale te\u017c pozwoli\u0107 na bezpo\u015brednie nawi\u0105zanie kontaktu odbiorcy z artyst\u0105. W tym roku zaprezentuj\u0105 si\u0119 osoby tworz\u0105ce m.in. fotografi\u0119, grafik\u0119, plakat, malarstwo, ceramik\u0119, sztuk\u0119 u\u017cytkow\u0105, rze\u017ab\u0119, tkaniny artystyczne, komiks czy haft wielkoformatowy.<\/p>\n<p>\u201eW tym roku otrzymali\u015bmy naprawd\u0119 ogromn\u0105 liczb\u0119 zg\u0142osze\u0144 od artyst\u00f3w. Jak co roku wyselekcjonowali\u015bmy grup\u0119 reprezentuj\u0105c\u0105 r\u00f3\u017cne nurty artystyczne. Na pewno ka\u017cdy odwiedzaj\u0105cy nasze targi znajdzie co\u015b dla siebie, co\u015b, co mu si\u0119 spodoba, zainspiruje go do dalszych artystycznych poszukiwa\u0144. W ubieg\u0142ym roku nasze wydarzenie odwiedzi\u0142o ponad 3000 go\u015bci. By\u0142y to osoby z ca\u0142ej Polski, r\u00f3wnie\u017c z zagranicy. Mo\u017cliwo\u015b\u0107 obcowania ze sztuk\u0105, rozmowy z artystami, wymienianie do\u015bwiadcze\u0144 z innymi uczestnikami jest wyj\u0105tkowe, i to zapewniamy co roku wszystkim odwiedzaj\u0105cym\u201d \u2013 m\u00f3wi Alicja Panasiewicz, prezeska Fundacji N\u00f3wka Sztuka, kt\u00f3ra jest organizatorem Targ\u00f3w.<\/p>\n<p>Podczas wydarzenia zobaczymy m.in. prace Tomasza Bere\u017anickiego, autora komiks\u00f3w, ilustracji, ok\u0142adek ksi\u0105\u017cek i czasopism, a tak\u017ce projekt\u00f3w witra\u017cy. Z kolei Maciej Rakowski zaprezentuje minimalistyczne monochromatyczne miniatury wykonane tuszem i kredk\u0105 z elementami kola\u017cu. Na mi\u0142o\u015bnik\u00f3w malarstwa czeka\u0107 b\u0119d\u0105 prace m.in. Marceliny \u0141azarek, Natki Biegalskiej czy Magdaleny Buk. Nie zabraknie te\u017c form u\u017cytkowych: swoj\u0105 ceramik\u0119 poka\u017c\u0105 NOMAD Ceramic oraz LEP.TO Studio, tkanin\u0119 MOST studio, a tak\u017ce zobaczymy haft wielkoformatowy autorstwa Karoliny Szwedt.<\/p>\n<p>Targom towarzyszy\u0107 b\u0119dzie wystawa Gabrieli Chrab\u0105szcz \u201eWhat It Feels Like for a Girl?\u201d w Galerii Pryzmat, kt\u00f3ra potrwa od 7 do 13 listopada. Kuratork\u0105 jest Alicja G\u0142uszek, a tematem niewidzialna opresja, poprzez wstyd kontroluj\u0105ca zachowania i cia\u0142a kobiet, wyra\u017cona form\u0105 haftu i mi\u0119kkich form rze\u017abiarskich. Podczas festiwalowego weekendu odbywa\u0107 si\u0119 b\u0119d\u0105 r\u00f3wnie\u017c warsztaty dla dzieci i doros\u0142ych. W\u015br\u00f3d nich m.in. warsztaty kintsugi, projektowania etnozabawki czy tworzenie nowoczesnego domu dla Smoka Wawelskiego.<\/p>\n<p>Organizatorem Targ\u00f3w jest Fundacja N\u00f3wka Sztuka. Projekt zosta\u0142 wsp\u00f3\u0142finansowany ze \u015brodk\u00f3w Miasta Krakowa.<\/p>\n<p>###<\/p>\n<p>Targi Artyst\u00f3w i Designer\u00f3w \u201eN\u00f3wka Sztuka\u201d<\/p>\n<p>9-10.11.2024, 11:00 \u2013 18:00<\/p>\n<p>Pa\u0142ac Sztuki, Pl. Szczepa\u0144ski 4 w Krakowie<\/p>\n<p>Bilety: <a href=\"https:\/\/nowkasztuka.com\/bilety\/\">https:\/\/nowkasztuka.com\/bilety\/<\/a><\/p>\n<p>Pe\u0142ny program wydarzenia: <a href=\"https:\/\/nowkasztuka.com\/program\/\">https:\/\/nowkasztuka.com\/program\/<\/a><\/p>\n<p>&nbsp;<\/p>\n<p>&nbsp;<\/p>\n<p>&nbsp;<\/p>\n","protected":false},"excerpt":{"rendered":"<p>&nbsp; \u015awi\u0119to sztuki i designu w Krakowie Ju\u017c po raz 7 w Krakowie do\u015bwiadczy\u0107 b\u0119dziemy mogli jedynego w swoim rodzaju wydarzenia, pozwalaj\u0105cego na zanurzenie si\u0119 w \u015bwiecie kreatywnych, inspiruj\u0105cych wizji artystycznych. Podczas kolejnej edycji Targ\u00f3w Artyst\u00f3w i Designer\u00f3w \u201eN\u00f3wka Sztuka\u201d swoje prace zaprezentuje ponad 70 najlepszych tw\u00f3rc\u00f3w, starannie wyselekcjonowanych przez Jury. Targi odb\u0119d\u0105 si\u0119 w&hellip;<a href=\"https:\/\/fundacja.nowkasztuka.com\/index.php\/2024\/11\/09\/7-targi-artystow-i-dizajnerow-nowka-sztuka\/\" class=\"more-link\">Continue reading <span class=\"screen-reader-text\">7. targi artyst\u00f3w i dizajner\u00f3w N\u00f3wka Sztuka<\/span><\/a><\/p>\n","protected":false},"author":2,"featured_media":1113,"comment_status":"closed","ping_status":"open","sticky":false,"template":"","format":"standard","meta":{"footnotes":""},"categories":[1],"tags":[],"_links":{"self":[{"href":"https:\/\/fundacja.nowkasztuka.com\/index.php\/wp-json\/wp\/v2\/posts\/1108"}],"collection":[{"href":"https:\/\/fundacja.nowkasztuka.com\/index.php\/wp-json\/wp\/v2\/posts"}],"about":[{"href":"https:\/\/fundacja.nowkasztuka.com\/index.php\/wp-json\/wp\/v2\/types\/post"}],"author":[{"embeddable":true,"href":"https:\/\/fundacja.nowkasztuka.com\/index.php\/wp-json\/wp\/v2\/users\/2"}],"replies":[{"embeddable":true,"href":"https:\/\/fundacja.nowkasztuka.com\/index.php\/wp-json\/wp\/v2\/comments?post=1108"}],"version-history":[{"count":2,"href":"https:\/\/fundacja.nowkasztuka.com\/index.php\/wp-json\/wp\/v2\/posts\/1108\/revisions"}],"predecessor-version":[{"id":1120,"href":"https:\/\/fundacja.nowkasztuka.com\/index.php\/wp-json\/wp\/v2\/posts\/1108\/revisions\/1120"}],"wp:featuredmedia":[{"embeddable":true,"href":"https:\/\/fundacja.nowkasztuka.com\/index.php\/wp-json\/wp\/v2\/media\/1113"}],"wp:attachment":[{"href":"https:\/\/fundacja.nowkasztuka.com\/index.php\/wp-json\/wp\/v2\/media?parent=1108"}],"wp:term":[{"taxonomy":"category","embeddable":true,"href":"https:\/\/fundacja.nowkasztuka.com\/index.php\/wp-json\/wp\/v2\/categories?post=1108"},{"taxonomy":"post_tag","embeddable":true,"href":"https:\/\/fundacja.nowkasztuka.com\/index.php\/wp-json\/wp\/v2\/tags?post=1108"}],"curies":[{"name":"wp","href":"https:\/\/api.w.org\/{rel}","templated":true}]}}