{"id":1095,"date":"2024-05-24T09:54:07","date_gmt":"2024-05-24T07:54:07","guid":{"rendered":"https:\/\/fundacja.nowkasztuka.com\/?p=1095"},"modified":"2024-10-24T09:55:16","modified_gmt":"2024-10-24T07:55:16","slug":"sensorium-zmysly-swiadomosc-strategie-odbioru","status":"publish","type":"post","link":"https:\/\/fundacja.nowkasztuka.com\/index.php\/2024\/05\/24\/sensorium-zmysly-swiadomosc-strategie-odbioru\/","title":{"rendered":"Sensorium \u2013 zmys\u0142y \/ \u015bwiadomo\u015b\u0107 \/ strategie odbioru"},"content":{"rendered":"<article id=\"post-1119\" class=\"post-1119 post type-post status-publish format-standard has-post-thumbnail hentry category-bez-kategorii\">\n<div class=\"post-inner\">\n<header class=\"entry-header\">\n<div class=\"entry-meta\">Projekt Sensorium ma na celu prezentacje nowatorskich postaw artystycznych na styku sztuki, nauki i technologii, kt\u00f3re nie tylko \u0142\u0105cz\u0105 te dziedziny, lecz r\u00f3wnie\u017c poszukuj\u0105 nieoczywistych inspiracji, przekraczaj\u0105c klasyczne definicje sztuki i jej dyscyplin oraz podnosz\u0105c problemy wsp\u00f3\u0142czesnego spo\u0142ecze\u0144stwa w kontek\u015bcie technokulturowych proces\u00f3w. G\u0142\u00f3wnym celem projektu jest poszerzenie wp\u0142ywu sztuki medialnej i technologicznej w Polsce, otwarcia na nowe praktyki naukowe i artystyczne, wprowadzenia krytycznego dyskursu o technokulturze, zainteresowania tw\u00f3rc\u00f3w nowymi badaniami naukowymi oraz pog\u0142\u0119bionej analizy relacji mi\u0119dzy kultur\u0105, nauk\u0105 i technologi\u0105 w nurtach tzw. art&amp;science.<\/div>\n<\/header>\n<div class=\"entry-content\">\n<p>Prezentacje dzia\u0142a\u0144 artystycznych w\u00a0r\u00f3\u017cnych przestrzeniach wystawienniczych w\u00a0Krakowie stanowi\u0105 zapis do\u015bwiadcze\u0144 naukowo-artystycznych i\u00a0odpowied\u017a na\u00a0oczekiwania spo\u0142eczne poprzez kszta\u0142towanie nowych form uczestnictwa i\u00a0ekspresji oraz\u00a0pr\u00f3b\u0119 zrozumienia technokulturowej rzeczywisto\u015bci. Obserwujemy, \u017ce\u00a0wsp\u00f3\u0142cze\u015bnie technologia staje si\u0119 integraln\u0105 cz\u0119\u015bci\u0105 proces\u00f3w spo\u0142ecznych, politycznych i\u00a0ekonomicznych, co\u00a0prowadzi do\u00a0swoistej redefinicji poj\u0119cia sztuki, gdzie narz\u0119dzia i\u00a0kompetencje jej tw\u00f3rc\u00f3w nie\u00a0s\u0105\u00a0wy\u0142\u0105cznie warsztatem, ale\u00a0staj\u0105 si\u0119 cz\u0119\u015bci\u0105 metamedialnych interakcji spo\u0142ecznych. Sztuka aktualna rozwija si\u0119 w\u00a0kontek\u015bcie proces\u00f3w globalizacji cyfrowej.<\/p>\n<p>Definiujemy formy wypowiedzi artystycznej w\u00a0nowych mediach poprzez metodologi\u0119 uwa\u017cnej obserwacji \u015brodowiska, kreatywno\u015b\u0107, innowacje oraz\u00a0aspiracje do\u00a0tworzenia dzie\u0142 o\u00a0uniwersalnym znaczeniu. Obszar sztuki sta\u0142 si\u0119 polem bada\u0144, a\u00a0artysta\u2013badacz wykorzystuje narz\u0119dzia naukowe i\u00a0koncepcje opracowane przez\u00a0badaczy i\u00a0naukowc\u00f3w.<\/p>\n<p>Wed\u0142ug Stephena Wilsona badania naukowe radykalnie przekszta\u0142caj\u0105 nasz\u0105 kultur\u0119, a\u00a0sztuka musi by\u0107 istotn\u0105 cz\u0119\u015bci\u0105 tych proces\u00f3w.<\/p>\n<p>Poszukujemy punkt\u00f3w wsp\u00f3lnych dla nauki i\u00a0sztuki poprzez badania odwo\u0142uj\u0105ce si\u0119 do\u00a0zdobyczy naukowych, kt\u00f3re s\u0105\u00a0wykorzystywane przez\u00a0artyst\u00f3w.<\/p>\n<p>Projekt dofinansowano ze\u00a0\u015brodk\u00f3w Ministra Kultury i\u00a0Dziedzictwa Narodowego w\u00a0ramach programu w\u0142asnego Centrum Rozwoju Przemys\u0142\u00f3w Kreatywnych:\u00a0<i>Rozw\u00f3j Sektor\u00f3w Kreatywnych<\/i><\/p>\n<\/div>\n<footer class=\"entry-footer\"><\/footer>\n<\/div>\n<\/article>\n<nav class=\"navigation post-navigation\" aria-label=\"Wpisy\">\n<h2 class=\"screen-reader-text\"><\/h2>\n<div class=\"nav-links\"><\/div>\n<\/nav>\n","protected":false},"excerpt":{"rendered":"<p>Projekt Sensorium ma na celu prezentacje nowatorskich postaw artystycznych na styku sztuki, nauki i technologii, kt\u00f3re nie tylko \u0142\u0105cz\u0105 te dziedziny, lecz r\u00f3wnie\u017c poszukuj\u0105 nieoczywistych inspiracji, przekraczaj\u0105c klasyczne definicje sztuki i jej dyscyplin oraz podnosz\u0105c problemy wsp\u00f3\u0142czesnego spo\u0142ecze\u0144stwa w kontek\u015bcie technokulturowych proces\u00f3w. G\u0142\u00f3wnym celem projektu jest poszerzenie wp\u0142ywu sztuki medialnej i technologicznej w Polsce, otwarcia&hellip;<a href=\"https:\/\/fundacja.nowkasztuka.com\/index.php\/2024\/05\/24\/sensorium-zmysly-swiadomosc-strategie-odbioru\/\" class=\"more-link\">Continue reading <span class=\"screen-reader-text\">Sensorium \u2013 zmys\u0142y \/ \u015bwiadomo\u015b\u0107 \/ strategie odbioru<\/span><\/a><\/p>\n","protected":false},"author":2,"featured_media":1096,"comment_status":"closed","ping_status":"open","sticky":false,"template":"","format":"standard","meta":{"footnotes":""},"categories":[1],"tags":[],"_links":{"self":[{"href":"https:\/\/fundacja.nowkasztuka.com\/index.php\/wp-json\/wp\/v2\/posts\/1095"}],"collection":[{"href":"https:\/\/fundacja.nowkasztuka.com\/index.php\/wp-json\/wp\/v2\/posts"}],"about":[{"href":"https:\/\/fundacja.nowkasztuka.com\/index.php\/wp-json\/wp\/v2\/types\/post"}],"author":[{"embeddable":true,"href":"https:\/\/fundacja.nowkasztuka.com\/index.php\/wp-json\/wp\/v2\/users\/2"}],"replies":[{"embeddable":true,"href":"https:\/\/fundacja.nowkasztuka.com\/index.php\/wp-json\/wp\/v2\/comments?post=1095"}],"version-history":[{"count":1,"href":"https:\/\/fundacja.nowkasztuka.com\/index.php\/wp-json\/wp\/v2\/posts\/1095\/revisions"}],"predecessor-version":[{"id":1097,"href":"https:\/\/fundacja.nowkasztuka.com\/index.php\/wp-json\/wp\/v2\/posts\/1095\/revisions\/1097"}],"wp:featuredmedia":[{"embeddable":true,"href":"https:\/\/fundacja.nowkasztuka.com\/index.php\/wp-json\/wp\/v2\/media\/1096"}],"wp:attachment":[{"href":"https:\/\/fundacja.nowkasztuka.com\/index.php\/wp-json\/wp\/v2\/media?parent=1095"}],"wp:term":[{"taxonomy":"category","embeddable":true,"href":"https:\/\/fundacja.nowkasztuka.com\/index.php\/wp-json\/wp\/v2\/categories?post=1095"},{"taxonomy":"post_tag","embeddable":true,"href":"https:\/\/fundacja.nowkasztuka.com\/index.php\/wp-json\/wp\/v2\/tags?post=1095"}],"curies":[{"name":"wp","href":"https:\/\/api.w.org\/{rel}","templated":true}]}}