{"id":1084,"date":"2024-10-24T09:49:57","date_gmt":"2024-10-24T07:49:57","guid":{"rendered":"https:\/\/fundacja.nowkasztuka.com\/?p=1084"},"modified":"2024-10-24T09:51:54","modified_gmt":"2024-10-24T07:51:54","slug":"7-edycja-targow-artystow-i-dizajnerow-nowka-sztuka","status":"publish","type":"post","link":"https:\/\/fundacja.nowkasztuka.com\/index.php\/2024\/10\/24\/7-edycja-targow-artystow-i-dizajnerow-nowka-sztuka\/","title":{"rendered":"7. edycja targ\u00f3w artyst\u00f3w i dizajner\u00f3w N\u00f3wka Sztuka"},"content":{"rendered":"<p><strong>Targi Artyst\u00f3w i Dizajner\u00f3w N\u00f3wka Sztuka<\/strong><\/p>\n<p>Pa\u0142ac Sztuki, Plac Szczepa\u0144ski 4<\/p>\n<p>Targi: 8-10.11.2024, godz. 11:00-18:00<\/p>\n<p>&nbsp;<\/p>\n<p>Zapraszamy wszystkich mi\u0142o\u015bnik\u00f3w plakatu, grafiki warsztatowej, malarstwa, ilustracji, ksi\u0105\u017cek, fotografii, ceramiki, tkaniny i rze\u017aby na si\u00f3dm\u0105 edycj\u0119 targ\u00f3w Artyst\u00f3w i Designer\u00f3w \u201eN\u00f3wka Sztuka\u201d. Odkryjecie tw\u00f3rc\u00f3w z Krakowa i nie tylko, a tak\u017ce b\u0119dziecie mieli okazj\u0119 zobaczy\u0107 i naby\u0107 ich prace bez po\u015brednictwa galerii, w promocyjnych cenach. Cho\u0107 N\u00f3wka Sztuka skupia si\u0119 na promocji m\u0142odych talent\u00f3w, w\u015br\u00f3d wystawc\u00f3w znajdziecie tak\u017ce uznanych artyst\u00f3w, w tym wyk\u0142adowc\u00f3w krakowskich uczelni artystycznych. Targi s\u0105 doskona\u0142\u0105 okazj\u0105 zar\u00f3wno dla poszukiwaczy oryginalnych prezent\u00f3w, jak i kolekcjoner\u00f3w sztuki. Zach\u0119camy r\u00f3wnie\u017c tych, kt\u00f3rzy chc\u0105 spotka\u0107 si\u0119 z artystami i zobaczy\u0107 ich dzie\u0142a na \u017cywo.<\/p>\n<p>R\u00f3wnocze\u015bnie zapraszamy na wystaw\u0119 Gabrieli Chrab\u0105szcz pt. \u201eWhat it feels for a girl\u201d w Galerii Pryzmat przy ul. \u0141obzowskiej 3.<\/p>\n<p>Wystawa: 6-11.11.2024, godz. 10:00-17:00<\/p>\n<p>&nbsp;<\/p>\n<p>W Bunkrze Sztuki organizujemy r\u00f3wnie\u017c cykl weekendowych warsztat\u00f3w:<\/p>\n<p>Projektowanie krzese\u0142<\/p>\n<p>Kitsungi: naprawa ceramiki z\u0142otem<\/p>\n<p>Etnozabawka<\/p>\n<p>Tworzenie w\u0142asnego myd\u0142a<\/p>\n<p>Fotografia w technice mokrego kolodionu<\/p>\n<p>Miarologia \/ Konsultacja portfolio online<\/p>\n<p>Zapisy na warsztaty: info@nowkasztuka.com<\/p>\n<p>Warsztaty: 9-10.11.2024, godz. 10:30-18:30<\/p>\n<p>&nbsp;<\/p>\n<p><a href=\"https:\/\/nowkasztuka.com\">Wi\u0119cej informacji<\/a><\/p>\n<p>&nbsp;<\/p>\n<p>Si\u00f3dma edycja targ\u00f3w N\u00f3wka Sztuka to projekt krakowskich artyst\u00f3w i nauczycieli akademickich, realizowany od pocz\u0105tku we wsp\u00f3\u0142pracy z Festiwalem Sztuka do rzeczy \u2013 Design w Krakowie.<\/p>\n<p>Organizator:<\/p>\n<p>Fundacja N\u00f3wki Sztuki<\/p>\n<p>Wsp\u00f3\u0142organizator:<\/p>\n<p>Towarzystwo Przyjaci\u00f3\u0142 Sztuk Pi\u0119knych \u2013 Pa\u0142ac Sztuki<\/p>\n<p>&nbsp;<\/p>\n<p>Partnerzy:<\/p>\n<p>Akademia Sztuk Pi\u0119knych w Krakowie<\/p>\n<p>Bunkier Sztuki<\/p>\n<p>Galeria ZPAP Pryzmat<\/p>\n<p>Instytut Sztuki i Designu UKEN<\/p>\n<p>&nbsp;<\/p>\n<p>&nbsp;<\/p>\n","protected":false},"excerpt":{"rendered":"<p>Targi Artyst\u00f3w i Dizajner\u00f3w N\u00f3wka Sztuka Pa\u0142ac Sztuki, Plac Szczepa\u0144ski 4 Targi: 8-10.11.2024, godz. 11:00-18:00 &nbsp; Zapraszamy wszystkich mi\u0142o\u015bnik\u00f3w plakatu, grafiki warsztatowej, malarstwa, ilustracji, ksi\u0105\u017cek, fotografii, ceramiki, tkaniny i rze\u017aby na si\u00f3dm\u0105 edycj\u0119 targ\u00f3w Artyst\u00f3w i Designer\u00f3w \u201eN\u00f3wka Sztuka\u201d. Odkryjecie tw\u00f3rc\u00f3w z Krakowa i nie tylko, a tak\u017ce b\u0119dziecie mieli okazj\u0119 zobaczy\u0107 i naby\u0107 ich&hellip;<a href=\"https:\/\/fundacja.nowkasztuka.com\/index.php\/2024\/10\/24\/7-edycja-targow-artystow-i-dizajnerow-nowka-sztuka\/\" class=\"more-link\">Continue reading <span class=\"screen-reader-text\">7. edycja targ\u00f3w artyst\u00f3w i dizajner\u00f3w N\u00f3wka Sztuka<\/span><\/a><\/p>\n","protected":false},"author":2,"featured_media":1088,"comment_status":"closed","ping_status":"open","sticky":false,"template":"","format":"standard","meta":{"footnotes":""},"categories":[1],"tags":[],"_links":{"self":[{"href":"https:\/\/fundacja.nowkasztuka.com\/index.php\/wp-json\/wp\/v2\/posts\/1084"}],"collection":[{"href":"https:\/\/fundacja.nowkasztuka.com\/index.php\/wp-json\/wp\/v2\/posts"}],"about":[{"href":"https:\/\/fundacja.nowkasztuka.com\/index.php\/wp-json\/wp\/v2\/types\/post"}],"author":[{"embeddable":true,"href":"https:\/\/fundacja.nowkasztuka.com\/index.php\/wp-json\/wp\/v2\/users\/2"}],"replies":[{"embeddable":true,"href":"https:\/\/fundacja.nowkasztuka.com\/index.php\/wp-json\/wp\/v2\/comments?post=1084"}],"version-history":[{"count":3,"href":"https:\/\/fundacja.nowkasztuka.com\/index.php\/wp-json\/wp\/v2\/posts\/1084\/revisions"}],"predecessor-version":[{"id":1091,"href":"https:\/\/fundacja.nowkasztuka.com\/index.php\/wp-json\/wp\/v2\/posts\/1084\/revisions\/1091"}],"wp:featuredmedia":[{"embeddable":true,"href":"https:\/\/fundacja.nowkasztuka.com\/index.php\/wp-json\/wp\/v2\/media\/1088"}],"wp:attachment":[{"href":"https:\/\/fundacja.nowkasztuka.com\/index.php\/wp-json\/wp\/v2\/media?parent=1084"}],"wp:term":[{"taxonomy":"category","embeddable":true,"href":"https:\/\/fundacja.nowkasztuka.com\/index.php\/wp-json\/wp\/v2\/categories?post=1084"},{"taxonomy":"post_tag","embeddable":true,"href":"https:\/\/fundacja.nowkasztuka.com\/index.php\/wp-json\/wp\/v2\/tags?post=1084"}],"curies":[{"name":"wp","href":"https:\/\/api.w.org\/{rel}","templated":true}]}}