{"id":1080,"date":"2023-10-12T08:37:43","date_gmt":"2023-10-12T06:37:43","guid":{"rendered":"https:\/\/fundacja.nowkasztuka.com\/?p=1080"},"modified":"2024-10-24T09:52:30","modified_gmt":"2024-10-24T07:52:30","slug":"szoste-targi-artystow-i-dizajnerow-nowka-sztuka","status":"publish","type":"post","link":"https:\/\/fundacja.nowkasztuka.com\/index.php\/2023\/10\/12\/szoste-targi-artystow-i-dizajnerow-nowka-sztuka\/","title":{"rendered":"sz\u00f3ste targi artyst\u00f3w i dizajner\u00f3w N\u00f3wka Sztuka"},"content":{"rendered":"<p>&nbsp;<\/p>\n<p><strong>Targi Artyst\u00f3w i Designer\u00f3w \u201eN\u00f3wka Sztuka\u201d: <\/strong><\/p>\n<p><em>4 i 5 listopada 2023, Pa\u0142ac Sztuki w Krakowie<\/em><\/p>\n<p>&nbsp;<\/p>\n<p>Sz\u00f3sta edycja tego wyj\u0105tkowego wydarzenia, kt\u00f3re jest <strong>prawdziwym \u015bwi\u0119tem kreatywno\u015bci i sztuki w Polsce<\/strong> \u2013 dla mi\u0142o\u015bnik\u00f3w plakatu, grafiki, malarstwa, ilustracji, ksi\u0105\u017cek, fotografii, designu i rze\u017aby, to unikalna <strong>mo\u017cliwo\u015b\u0107 poznania prac polskich artyst\u00f3w i dizajner\u00f3w<\/strong>, ale r\u00f3wnie\u017c <strong>nawi\u0105zania z nimi bezpo\u015bredniego kontaktu<\/strong>. Taka okazja nie zdarza si\u0119 cz\u0119sto.\u00a0Tegoroczna edycja jeszcze bardziej zwi\u0119ksza r\u00f3\u017cnorodno\u015b\u0107 prezentowanych prac, co czyni j\u0105 wyj\u0105tkow\u0105 na tle wcze\u015bniejszych edycji.<\/p>\n<p>&nbsp;<\/p>\n<p>Wsp\u00f3\u0142czesna aktualna sztuka: od malarstwa i grafiki, po ilustracje, kola\u017ce, fotografi\u0119 i nowoczesny design, a nawet \u2026 pokazy sztuki tatuowania! Zaprezentuj\u0105 si\u0119 na N\u00f3wce krakowskie galerie sztuki (podczas spaceru odwiedzimy ich siedziby), ale te\u017c \u2013 po raz pierwszy \u2013 rzemie\u015blnicy. Odb\u0119d\u0105 si\u0119 r\u00f3wnie\u017c warsztaty kaligrafii, a specjalnie dla dzieci \u2013 warsztaty kola\u017cu.<\/p>\n<p>&nbsp;<\/p>\n<p><strong>Program towarzysz\u0105cy<\/strong> targom to w tym roku: <strong>panele dyskusyjne<\/strong>, kt\u00f3re pozwol\u0105 uczestnikom jeszcze g\u0142\u0119biej zanurzy\u0107 si\u0119 w \u015bwiat polskiej sztuki i designu, <strong>warsztaty mistrzowskie<\/strong> czy <strong>konsultacje portfolio<\/strong> z uznanymi przedstawicielami \u015brodowiska tw\u00f3rczego. Jest to nie tylko nieocenione wsparcie dla m\u0142odych artyst\u00f3w, b\u0119d\u0105cych na pocz\u0105tku swojej kariery, ale r\u00f3wnie\u017c budowanie \u015bwiadomo\u015bci sztuki i kszta\u0142towanie gust\u00f3w odbiorc\u00f3w.<\/p>\n<p>Wydarzenia towarzysz\u0105ce odb\u0119d\u0105 si\u0119 w Pa\u0142acu Potockich (Rynek G\u0142\u00f3wny 20).<\/p>\n<p>&nbsp;<\/p>\n<p><strong>N\u00f3wka Sztuka to przede wszystkim promocja m\u0142odych talent\u00f3w<\/strong>, ale te\u017c zach\u0119canie odbiorc\u00f3w do inwestowania w oryginalne dzie\u0142a sztuki oraz unikalne projekty designu. St\u0105d te\u017c organizatorzy stawiaj\u0105 na bezpo\u015bredni kontakt mi\u0119dzy artystami i odwiedzaj\u0105cymi. Sprawia to, \u017ce zakup dzie\u0142a sztuki jest nie tylko transakcj\u0105, ale staje tak\u017ce wyj\u0105tkowym do\u015bwiadczeniem dla obu stron, nadaj\u0105c kupionej pracy du\u017co bardziej osobisty wymiar i znaczenie.<\/p>\n<p>&nbsp;<\/p>\n<p><strong>W tegorocznych Targach we\u017amie udzia\u0142 ponad 70 artyst\u00f3w<\/strong>, wybranych przez jury selekcyjne, z\u0142o\u017cone zar\u00f3wno z tw\u00f3rc\u00f3w, jak te\u017c znawc\u00f3w rynku sztuki, co gwarantuje najwy\u017cszy poziom artystyczny tego wydarzenia. Najciekawszej osobowo\u015bci spo\u015br\u00f3d tegorocznych wystawc\u00f3w Jury przyzna <strong>nagrod\u0119 w wysoko\u015bci 10 000 z\u0142<\/strong> z przeznaczeniem na rozw\u00f3j kariery artystycznej.<\/p>\n<p>&nbsp;<\/p>\n<p>Wi\u0119cej informacji na temat targ\u00f3w, wystawc\u00f3w, wydarze\u0144 towarzysz\u0105cych mo\u017cna znale\u017a\u0107 na <a href=\"https:\/\/nowkasztuka.com\/\">oficjalnej stronie internetowej N\u00f3wka Sztuka<\/a><\/p>\n<p>&nbsp;<\/p>\n<p><strong>Organizatorem Targ\u00f3w jest Fundacja N\u00f3wka Sztuka. Wydarzenie jest cz\u0119\u015bci\u0105 festiwalu miejskiego \u201cSztuka do rzeczy &#8211; design w Krakowie\u201d i jest wsp\u00f3\u0142finansowany ze \u015brodk\u00f3w Miasta Krakowa. <\/strong><\/p>\n<p>&nbsp;<\/p>\n<p><strong>Partnerzy N\u00f3wki Sztuki: <\/strong><\/p>\n<p>Akademia Sztuk Pi\u0119knych w Krakowie<\/p>\n<p>Fundacja State of Poland<\/p>\n<p>Targowa2<\/p>\n<p>Cricoteka<\/p>\n<p>Towarzystwo Przyjaci\u00f3\u0142 Sztuk Pi\u0119knych &#8211; Pa\u0142ac Sztuki<\/p>\n<p>Krakowskie Biuro Festiwalowe<\/p>\n<p>Contemporary LYNX<\/p>\n<p><strong>\u00a0<\/strong><\/p>\n<p>&nbsp;<\/p>\n<p><strong>Kontakt dla medi\u00f3w:<\/strong><\/p>\n<p>Aga Marsza\u0142<\/p>\n<p>693554035<\/p>\n<p>&nbsp;<\/p>\n<p>info@nowkasztuka.com<\/p>\n","protected":false},"excerpt":{"rendered":"<p>&nbsp; Targi Artyst\u00f3w i Designer\u00f3w \u201eN\u00f3wka Sztuka\u201d: 4 i 5 listopada 2023, Pa\u0142ac Sztuki w Krakowie &nbsp; Sz\u00f3sta edycja tego wyj\u0105tkowego wydarzenia, kt\u00f3re jest prawdziwym \u015bwi\u0119tem kreatywno\u015bci i sztuki w Polsce \u2013 dla mi\u0142o\u015bnik\u00f3w plakatu, grafiki, malarstwa, ilustracji, ksi\u0105\u017cek, fotografii, designu i rze\u017aby, to unikalna mo\u017cliwo\u015b\u0107 poznania prac polskich artyst\u00f3w i dizajner\u00f3w, ale r\u00f3wnie\u017c nawi\u0105zania&hellip;<a href=\"https:\/\/fundacja.nowkasztuka.com\/index.php\/2023\/10\/12\/szoste-targi-artystow-i-dizajnerow-nowka-sztuka\/\" class=\"more-link\">Continue reading <span class=\"screen-reader-text\">sz\u00f3ste targi artyst\u00f3w i dizajner\u00f3w N\u00f3wka Sztuka<\/span><\/a><\/p>\n","protected":false},"author":2,"featured_media":1081,"comment_status":"closed","ping_status":"open","sticky":false,"template":"","format":"standard","meta":{"footnotes":""},"categories":[1],"tags":[],"_links":{"self":[{"href":"https:\/\/fundacja.nowkasztuka.com\/index.php\/wp-json\/wp\/v2\/posts\/1080"}],"collection":[{"href":"https:\/\/fundacja.nowkasztuka.com\/index.php\/wp-json\/wp\/v2\/posts"}],"about":[{"href":"https:\/\/fundacja.nowkasztuka.com\/index.php\/wp-json\/wp\/v2\/types\/post"}],"author":[{"embeddable":true,"href":"https:\/\/fundacja.nowkasztuka.com\/index.php\/wp-json\/wp\/v2\/users\/2"}],"replies":[{"embeddable":true,"href":"https:\/\/fundacja.nowkasztuka.com\/index.php\/wp-json\/wp\/v2\/comments?post=1080"}],"version-history":[{"count":2,"href":"https:\/\/fundacja.nowkasztuka.com\/index.php\/wp-json\/wp\/v2\/posts\/1080\/revisions"}],"predecessor-version":[{"id":1093,"href":"https:\/\/fundacja.nowkasztuka.com\/index.php\/wp-json\/wp\/v2\/posts\/1080\/revisions\/1093"}],"wp:featuredmedia":[{"embeddable":true,"href":"https:\/\/fundacja.nowkasztuka.com\/index.php\/wp-json\/wp\/v2\/media\/1081"}],"wp:attachment":[{"href":"https:\/\/fundacja.nowkasztuka.com\/index.php\/wp-json\/wp\/v2\/media?parent=1080"}],"wp:term":[{"taxonomy":"category","embeddable":true,"href":"https:\/\/fundacja.nowkasztuka.com\/index.php\/wp-json\/wp\/v2\/categories?post=1080"},{"taxonomy":"post_tag","embeddable":true,"href":"https:\/\/fundacja.nowkasztuka.com\/index.php\/wp-json\/wp\/v2\/tags?post=1080"}],"curies":[{"name":"wp","href":"https:\/\/api.w.org\/{rel}","templated":true}]}}