{"id":1031,"date":"2022-11-18T19:57:25","date_gmt":"2022-11-18T18:57:25","guid":{"rendered":"https:\/\/fundacjaws.up.krakow.pl\/?p=1031"},"modified":"2022-11-18T19:57:25","modified_gmt":"2022-11-18T18:57:25","slug":"film-z-targow-artystow-i-dizajnerow-nowka-sztuka","status":"publish","type":"post","link":"https:\/\/fundacja.nowkasztuka.com\/index.php\/2022\/11\/18\/film-z-targow-artystow-i-dizajnerow-nowka-sztuka\/","title":{"rendered":"film z targ\u00f3w artyst\u00f3w i dizajner\u00f3w N\u00f3wka Sztuka"},"content":{"rendered":"<p><iframe loading=\"lazy\" title=\"n\u00f3wka sztuka 2022   aftermovie\" width=\"1040\" height=\"585\" src=\"https:\/\/www.youtube.com\/embed\/197XpGgt4l4?feature=oembed\" frameborder=\"0\" allow=\"accelerometer; autoplay; clipboard-write; encrypted-media; gyroscope; picture-in-picture\" allowfullscreen><\/iframe><\/p>\n","protected":false},"excerpt":{"rendered":"","protected":false},"author":2,"featured_media":1032,"comment_status":"closed","ping_status":"open","sticky":false,"template":"","format":"standard","meta":{"footnotes":""},"categories":[1],"tags":[],"_links":{"self":[{"href":"https:\/\/fundacja.nowkasztuka.com\/index.php\/wp-json\/wp\/v2\/posts\/1031"}],"collection":[{"href":"https:\/\/fundacja.nowkasztuka.com\/index.php\/wp-json\/wp\/v2\/posts"}],"about":[{"href":"https:\/\/fundacja.nowkasztuka.com\/index.php\/wp-json\/wp\/v2\/types\/post"}],"author":[{"embeddable":true,"href":"https:\/\/fundacja.nowkasztuka.com\/index.php\/wp-json\/wp\/v2\/users\/2"}],"replies":[{"embeddable":true,"href":"https:\/\/fundacja.nowkasztuka.com\/index.php\/wp-json\/wp\/v2\/comments?post=1031"}],"version-history":[{"count":2,"href":"https:\/\/fundacja.nowkasztuka.com\/index.php\/wp-json\/wp\/v2\/posts\/1031\/revisions"}],"predecessor-version":[{"id":1034,"href":"https:\/\/fundacja.nowkasztuka.com\/index.php\/wp-json\/wp\/v2\/posts\/1031\/revisions\/1034"}],"wp:featuredmedia":[{"embeddable":true,"href":"https:\/\/fundacja.nowkasztuka.com\/index.php\/wp-json\/wp\/v2\/media\/1032"}],"wp:attachment":[{"href":"https:\/\/fundacja.nowkasztuka.com\/index.php\/wp-json\/wp\/v2\/media?parent=1031"}],"wp:term":[{"taxonomy":"category","embeddable":true,"href":"https:\/\/fundacja.nowkasztuka.com\/index.php\/wp-json\/wp\/v2\/categories?post=1031"},{"taxonomy":"post_tag","embeddable":true,"href":"https:\/\/fundacja.nowkasztuka.com\/index.php\/wp-json\/wp\/v2\/tags?post=1031"}],"curies":[{"name":"wp","href":"https:\/\/api.w.org\/{rel}","templated":true}]}}