{"id":1003,"date":"2022-10-12T21:30:47","date_gmt":"2022-10-12T19:30:47","guid":{"rendered":"https:\/\/fundacjaws.up.krakow.pl\/?p=1003"},"modified":"2022-11-18T20:01:16","modified_gmt":"2022-11-18T19:01:16","slug":"trwa-nabor-artystow-na-targi-nowka-sztuka","status":"publish","type":"post","link":"https:\/\/fundacja.nowkasztuka.com\/index.php\/2022\/10\/12\/trwa-nabor-artystow-na-targi-nowka-sztuka\/","title":{"rendered":"trwa nab\u00f3r artyst\u00f3w na targi N\u00f3wka Sztuka"},"content":{"rendered":"<p><img loading=\"lazy\" decoding=\"async\" class=\"alignnone wp-image-1004\" src=\"https:\/\/fundacjaws.up.krakow.pl\/wp-content\/uploads\/2022\/10\/Nowka-Sztuka_FB-INSTA_nabor_Weronika-Kozik-270x300.png\" alt=\"\" width=\"412\" height=\"458\" srcset=\"https:\/\/fundacja.nowkasztuka.com\/wp-content\/uploads\/2022\/10\/Nowka-Sztuka_FB-INSTA_nabor_Weronika-Kozik-270x300.png 270w, https:\/\/fundacja.nowkasztuka.com\/wp-content\/uploads\/2022\/10\/Nowka-Sztuka_FB-INSTA_nabor_Weronika-Kozik-768x853.png 768w, https:\/\/fundacja.nowkasztuka.com\/wp-content\/uploads\/2022\/10\/Nowka-Sztuka_FB-INSTA_nabor_Weronika-Kozik-922x1024.png 922w, https:\/\/fundacja.nowkasztuka.com\/wp-content\/uploads\/2022\/10\/Nowka-Sztuka_FB-INSTA_nabor_Weronika-Kozik-750x833.png 750w, https:\/\/fundacja.nowkasztuka.com\/wp-content\/uploads\/2022\/10\/Nowka-Sztuka_FB-INSTA_nabor_Weronika-Kozik.png 1080w\" sizes=\"(max-width: 412px) 100vw, 412px\" \/><\/p>\n","protected":false},"excerpt":{"rendered":"","protected":false},"author":2,"featured_media":0,"comment_status":"closed","ping_status":"open","sticky":false,"template":"","format":"standard","meta":{"footnotes":""},"categories":[1],"tags":[],"_links":{"self":[{"href":"https:\/\/fundacja.nowkasztuka.com\/index.php\/wp-json\/wp\/v2\/posts\/1003"}],"collection":[{"href":"https:\/\/fundacja.nowkasztuka.com\/index.php\/wp-json\/wp\/v2\/posts"}],"about":[{"href":"https:\/\/fundacja.nowkasztuka.com\/index.php\/wp-json\/wp\/v2\/types\/post"}],"author":[{"embeddable":true,"href":"https:\/\/fundacja.nowkasztuka.com\/index.php\/wp-json\/wp\/v2\/users\/2"}],"replies":[{"embeddable":true,"href":"https:\/\/fundacja.nowkasztuka.com\/index.php\/wp-json\/wp\/v2\/comments?post=1003"}],"version-history":[{"count":2,"href":"https:\/\/fundacja.nowkasztuka.com\/index.php\/wp-json\/wp\/v2\/posts\/1003\/revisions"}],"predecessor-version":[{"id":1006,"href":"https:\/\/fundacja.nowkasztuka.com\/index.php\/wp-json\/wp\/v2\/posts\/1003\/revisions\/1006"}],"wp:attachment":[{"href":"https:\/\/fundacja.nowkasztuka.com\/index.php\/wp-json\/wp\/v2\/media?parent=1003"}],"wp:term":[{"taxonomy":"category","embeddable":true,"href":"https:\/\/fundacja.nowkasztuka.com\/index.php\/wp-json\/wp\/v2\/categories?post=1003"},{"taxonomy":"post_tag","embeddable":true,"href":"https:\/\/fundacja.nowkasztuka.com\/index.php\/wp-json\/wp\/v2\/tags?post=1003"}],"curies":[{"name":"wp","href":"https:\/\/api.w.org\/{rel}","templated":true}]}}