{"id":1,"date":"2016-12-08T20:29:20","date_gmt":"2016-12-08T19:29:20","guid":{"rendered":"http:\/\/fundacjaws.up.krakow.pl\/?p=1"},"modified":"2018-01-17T22:27:07","modified_gmt":"2018-01-17T21:27:07","slug":"witaj-swiecie","status":"publish","type":"post","link":"https:\/\/fundacja.nowkasztuka.com\/index.php\/2016\/12\/08\/witaj-swiecie\/","title":{"rendered":"error_in_art mi\u0119dzynarodowa konferencja i wystawa 8-10 grudnia 2016 r."},"content":{"rendered":"<p>&nbsp;<\/p>\n<p><strong><em>#blad_w.sztuce<\/em><\/strong><\/p>\n<p>Mi\u0119dzynarodowa wystawa i konferencja naukowa<\/p>\n<p>Krak\u00f3w 8-9.12.2016<\/p>\n<p>Mi\u0119dzynarodowa konferencja naukowa oraz wystawa #<em>blad_w.sztuce<\/em>\u00a0zosta\u0142a zorganizowana przez Wydzia\u0142 Sztuki Uniwersytetu Pedagogicznego w Krakowie oraz Fundacj\u0119 Wydzia\u0142u Sztuki.<\/p>\n<p>Przedmiotem konferencji <em>#blad_w.sztuce<\/em> jest refleksja na temat zjawiska intencjonalnego wykorzystania estetyki b\u0142\u0119du we wsp\u00f3\u0142czesnych artystycznych j\u0119zykach komunikacji wizualnej i audialnej generowanych przez media cyfrowe.<\/p>\n<p>Coraz cz\u0119\u015bciej przyjmowana jako co\u015b zastanego i jako codzienna oczywisto\u015b\u0107, wizualno-akustyczna rzeczywisto\u015b\u0107 medi\u00f3w cyfrowych po\u0142\u0105czona z mobilno\u015bci\u0105 i wsparta technologicznie m.in. przez takie narz\u0119dzia, jak web2.0, VR i AR, kreuje nowe j\u0119zyki komunikacji wizualnej i akustycznej. Mo\u017cliwo\u015bci i ograniczenia nowych \u015brodk\u00f3w i narz\u0119dzi oraz generowanych nowych form wizualno\u015bci i akustyczno\u015bci staj\u0105 si\u0119 przedmiotem artystycznego badania dokonywanego za pomoc\u0105 ingerencji, kompilacji i remediatyzacji. W kontek\u015bcie dominacji interaktywno\u015bci w do\u015bwiadczeniu wizualno\u015bci i akustyczno\u015bci oraz w perspektywie kluczowej roli, jak\u0105 pe\u0142ni wirtualno\u015b\u0107 (m.in. w postaci gier i Second Life\u2019u), na konferencji podj\u0119ta zostanie tematyka b\u0142\u0119du, usterki, szumu\/glitchu, transmisji mi\u0119dzymedialnej, kompilacji, ale r\u00f3wnie\u017c kontekst b\u0142edu, jako paradygmat sztuki wsp\u00f3\u0142czesnej, kt\u00f3ry traci wymiar usterki, \u201cwpadki technologicznej\u201d a staje si\u0119 autonomicznym wyrazem artystycznych strategii. Te i inne zagadnienia w istotny spos\u00f3b kszta\u0142tuj\u0105 wsp\u00f3\u0142czesn\u0105 \u00a0wizualno\u015b\u0107 i akustyczno\u015b\u0107 tworz\u0105c nowa definicj\u0119 b\u0142\u0119du, kt\u00f3ry nie niesie ze sob\u0105 negatywnych skojarze\u0144, staje si\u0119 zmian\u0105, prze\u0142omem uniemo\u017cliwiaj\u0105cym powr\u00f3t do sytuacji przed jego zaistnieniem.<\/p>\n<p>W konferencji wezm\u0105 udzia\u0142 zaproszeni go\u015bcie z polskich i zagranicznych o\u015brodk\u00f3w akademickich.<\/p>\n<p>Termin konferencji: 8-9.12.2016<\/p>\n<p>Konferencji b\u0119dzie towarzyszy\u0107 2 wystawy\/prezentacje:<\/p>\n<p>&#8211; <em>b\u0142\u0105d w sztuce<\/em> \u2013 zaproszeni go\u015bcie: Elektrografiai, Marcin Wojciechowski, Adam Panasiewicz, Alicja Panasiewicz, Beata D\u0142ugosz, Maria Wasilewska, Stanis\u0142aw Koba, Ernest Og\u00f3rek, Joanna Wielgosz, Natalia Kopytko i Marcin Sipiora, Monika N\u0119cka.<\/p>\n<p>&#8211; pokaz laureat\u00f3w og\u00f3lnopolskiego konkursu studenckiego Digital Attack \u2013 Art Festival\/ Moving Worlds.<\/p>\n<p><strong>\u00a0<\/strong><\/p>\n<p><strong>#error_in.art <\/strong><\/p>\n<p>Error \u2013 an obstacle or an opportunity? The case of Johann Schulze\u2019s invention convinces us that even a genre of art can be brought forth as a consequence of error. Darkening of silver nitrate was thought to be the scientist\u2019s mistake, but Ni\u00e9pce and Talbot took it quite differently. Error is the integral but usually hidden part of the whole artistic process. Erring or making a mistake underlies not only every creative\/artistic venture, but even every human activity. Doing and achieving something through trial-and-error is so commonly inscribed in our practices that it is hardly noticed. The exhibition focuses on the error in art conceived as a threefold phenomenon: as unintentional but ubiquitous strategy, as intentional method of using aesthetics of error and deliberate playing with its consequences, and as a necessary fraction of an experiment undertaken in the domain of art.<\/p>\n<p><img loading=\"lazy\" decoding=\"async\" class=\"alignnone size-medium wp-image-195\" src=\"http:\/\/fundacjaws.up.krakow.pl\/wp-content\/uploads\/2016\/12\/ulotkaa5-02-207x300.jpg\" alt=\"\" width=\"207\" height=\"300\" srcset=\"https:\/\/fundacja.nowkasztuka.com\/wp-content\/uploads\/2016\/12\/ulotkaa5-02-207x300.jpg 207w, https:\/\/fundacja.nowkasztuka.com\/wp-content\/uploads\/2016\/12\/ulotkaa5-02-768x1112.jpg 768w, https:\/\/fundacja.nowkasztuka.com\/wp-content\/uploads\/2016\/12\/ulotkaa5-02-707x1024.jpg 707w, https:\/\/fundacja.nowkasztuka.com\/wp-content\/uploads\/2016\/12\/ulotkaa5-02-750x1086.jpg 750w, https:\/\/fundacja.nowkasztuka.com\/wp-content\/uploads\/2016\/12\/ulotkaa5-02.jpg 1714w\" sizes=\"(max-width: 207px) 100vw, 207px\" \/><\/p>\n<p>organizator: Wydzia\u0142 Sztuki UP, Fundacja Wydzia\u0142u Sztuki<\/p>\n","protected":false},"excerpt":{"rendered":"<p>&nbsp; #blad_w.sztuce Mi\u0119dzynarodowa wystawa i konferencja naukowa Krak\u00f3w 8-9.12.2016 Mi\u0119dzynarodowa konferencja naukowa oraz wystawa #blad_w.sztuce\u00a0zosta\u0142a zorganizowana przez Wydzia\u0142 Sztuki Uniwersytetu Pedagogicznego w Krakowie oraz Fundacj\u0119 Wydzia\u0142u Sztuki. Przedmiotem konferencji #blad_w.sztuce jest refleksja na temat zjawiska intencjonalnego wykorzystania estetyki b\u0142\u0119du we wsp\u00f3\u0142czesnych artystycznych j\u0119zykach komunikacji wizualnej i audialnej generowanych przez media cyfrowe. Coraz cz\u0119\u015bciej przyjmowana jako&hellip;<a href=\"https:\/\/fundacja.nowkasztuka.com\/index.php\/2016\/12\/08\/witaj-swiecie\/\" class=\"more-link\">Continue reading <span class=\"screen-reader-text\">error_in_art mi\u0119dzynarodowa konferencja i wystawa 8-10 grudnia 2016 r.<\/span><\/a><\/p>\n","protected":false},"author":2,"featured_media":194,"comment_status":"open","ping_status":"open","sticky":false,"template":"","format":"image","meta":{"footnotes":""},"categories":[1],"tags":[],"_links":{"self":[{"href":"https:\/\/fundacja.nowkasztuka.com\/index.php\/wp-json\/wp\/v2\/posts\/1"}],"collection":[{"href":"https:\/\/fundacja.nowkasztuka.com\/index.php\/wp-json\/wp\/v2\/posts"}],"about":[{"href":"https:\/\/fundacja.nowkasztuka.com\/index.php\/wp-json\/wp\/v2\/types\/post"}],"author":[{"embeddable":true,"href":"https:\/\/fundacja.nowkasztuka.com\/index.php\/wp-json\/wp\/v2\/users\/2"}],"replies":[{"embeddable":true,"href":"https:\/\/fundacja.nowkasztuka.com\/index.php\/wp-json\/wp\/v2\/comments?post=1"}],"version-history":[{"count":3,"href":"https:\/\/fundacja.nowkasztuka.com\/index.php\/wp-json\/wp\/v2\/posts\/1\/revisions"}],"predecessor-version":[{"id":196,"href":"https:\/\/fundacja.nowkasztuka.com\/index.php\/wp-json\/wp\/v2\/posts\/1\/revisions\/196"}],"wp:featuredmedia":[{"embeddable":true,"href":"https:\/\/fundacja.nowkasztuka.com\/index.php\/wp-json\/wp\/v2\/media\/194"}],"wp:attachment":[{"href":"https:\/\/fundacja.nowkasztuka.com\/index.php\/wp-json\/wp\/v2\/media?parent=1"}],"wp:term":[{"taxonomy":"category","embeddable":true,"href":"https:\/\/fundacja.nowkasztuka.com\/index.php\/wp-json\/wp\/v2\/categories?post=1"},{"taxonomy":"post_tag","embeddable":true,"href":"https:\/\/fundacja.nowkasztuka.com\/index.php\/wp-json\/wp\/v2\/tags?post=1"}],"curies":[{"name":"wp","href":"https:\/\/api.w.org\/{rel}","templated":true}]}}